{"id":90176,"date":"2020-06-25T12:12:30","date_gmt":"2020-06-25T16:12:30","guid":{"rendered":"https:\/\/linitiative.ca\/International\/le-forum-investir-a-kribi-veut-attirer-40-industries-par-an-pendant-25-ans\/"},"modified":"2020-06-25T12:12:30","modified_gmt":"2020-06-25T16:12:30","slug":"le-forum-investir-a-kribi-veut-attirer-40-industries-par-an-pendant-25-ans","status":"publish","type":"post","link":"https:\/\/linitiative.ca\/International\/le-forum-investir-a-kribi-veut-attirer-40-industries-par-an-pendant-25-ans\/","title":{"rendered":"Le forum Investir \u00e0 Kribi veut attirer 40 industries par an pendant 25 ans"},"content":{"rendered":"<p>\u00abLa premi\u00e8re \u00e9dition se tiendra lors de la phase finale de la Can Total Cameroun\u2026\u00bb, a rassur\u00e9 Rodrigue Ongolo Onam\u00adbele, le Chef du projet du \u00abForum Investir \u00e0 Kribi\u00bb. Le Pr\u00e9sident de la Fonda\u00adtion d\u2019industrialisation de Kribi envisage capitaliser la tenue de cet \u00e9v\u00e9nement sportif majeur pour atti\u00adrer le plus grand nombre d\u2019investisseurs vers la ville de Kribi: \u00abimaginez que nous ayons dans chaque d\u00e9l\u00e9gation qui arrive au Cameroun au moins 10 investisseurs. Ce sera une formidable opportunit\u00e9 pour Kribi et notre pays\u00bb, pense le promoteur.<\/p>\n<p>Plac\u00e9 sous le th\u00e8me \u00abAtti\u00adrer les investisseurs en vue de l\u2019industrialisation du Port de Kribi\u00bb, le Forum investir \u00e0 Kribi s\u2019adosse sur l\u2019op\u00e9ration \u00abAttirer 40 industries par an, pendant 25 ans\u00bb. D\u2019apr\u00e8s Rodrigue Ongolo Onambele, \u00able total esp\u00e9r\u00e9 au terme de ce projet est estim\u00e9 \u00e0 1000 in\u00addustries lourdes, moyennes et l\u00e9g\u00e8res \u00e0 implanter dans la zone de Kribi et en parti\u00adculier dans les zones logis\u00adtiques et industrielles du complexe industrial oppor\u00adtunit\u00e9 de Kribi\u00bb, a indiqu\u00e9 le Chef de ce projet calqu\u00e9 sur les grandes lignes du Plan directeur d\u2019industria\u00adlisation (Pdi) gouverne\u00admental.<\/p>\n<p>Lire aussi: <strong><a href=\"https:\/\/ecomatin.net\/complexe-industrialo-portuaire-de-kribi-une-convention-pour-promouvoir-linvestissement-prive\/\">Complexe industrialo-portuaire de Kribi : une convention pour promouvoir l\u2019investissement priv\u00e9<\/a><\/strong><\/p>\n<p>Rodrigue Ongolo Onam\u00adbele dit vouloir \u00abanti\u00adciper\u00bb apr\u00e8s la fin de la composante 1 bas\u00e9e sur la construction de l\u2019infras\u00adtructure portuaire propre\u00adment dite: \u00abapr\u00e8s la fin de la composante portuaire, nous devons anticiper avant le d\u00e9but de la com\u00adposante 2. Nous devons rechercher les investisseurs d\u00e8s maintenant sinon l\u2019Etat ne pourra pas rembourser sa dette aupr\u00e8s d\u2019Exim\u00adbank China. L\u2019un des enjeux de cette initiative est que les phases d\u2019instal\u00adlation des industries co\u00efn\u00adcident avec la livraison de la deuxi\u00e8me phase du port de Kribi\u00bb.<\/p>\n<p>Sont ainsi attendus pendant trois jours \u00e0 la 1\u00e8re \u00e9dition de la Fik de Kribi une vingtaine d\u2019investisseurs d\u2019autres continents, des camerounais de la diaspo\u00adra, des op\u00e9rateurs \u00e9cono\u00admiques de la zone Cemac, ainsi que de centaines d\u2019in\u00advestisseurs locaux: \u00abpour la premi\u00e8re \u00e9dition de ce forum qui sera adoss\u00e9 sur la Van, est pr\u00e9vue une mo\u00adbilisation d\u2019au moins 300 potentiels investisseurs de nationalit\u00e9s diff\u00e9rentes, et \u00e0 qui seront pr\u00e9sent\u00e9s les opportunit\u00e9s d\u2019affaires et d\u2019investissement \u00e0 Kribi\u00bb, explique le promoteur de la foire.<\/p>\n<p>Lire aussi : <strong><a href=\"https:\/\/ecomatin.net\/terminal-polyvalent-de-kribi-kpmo-denonce-la-concession-du-philippin-ictsi-inc\/\">Terminal polyvalent de Kribi : Kpmo d\u00e9nonce la concession du philippin Ictsi inc.<\/a><\/strong><\/p>\n<p><strong>R\u00e9action<\/strong><\/p>\n<p><strong>\u00abNous voulons vulgariser le plan directeur d\u2019industria\u00adlisation du Cameroun\u00bb<\/strong><\/p>\n<p><img decoding=\"async\" data-attachment-id=\"16601\" data-permalink=\"https:\/\/ecomatin.net\/le-forum-investir-a-kribi-veut-attirer-40-industries-par-an-pendant-25-ans\/hqdefault-2\/\" data-orig-file=\"https:\/\/ecomatin.net\/wp-content\/uploads\/2020\/06\/hqdefault.jpg\" data-orig-size=\"480,360\" data-comments-opened=\"0\" data-image-meta=\"{&quot;aperture&quot;:&quot;0&quot;,&quot;credit&quot;:&quot;&quot;,&quot;camera&quot;:&quot;&quot;,&quot;caption&quot;:&quot;&quot;,&quot;created_timestamp&quot;:&quot;0&quot;,&quot;copyright&quot;:&quot;&quot;,&quot;focal_length&quot;:&quot;0&quot;,&quot;iso&quot;:&quot;0&quot;,&quot;shutter_speed&quot;:&quot;0&quot;,&quot;title&quot;:&quot;&quot;,&quot;orientation&quot;:&quot;0&quot;}\" data-image-title=\"hqdefault\" data-image-description=\"\" data-medium-file=\"https:\/\/ecomatin.net\/wp-content\/uploads\/2020\/06\/hqdefault-300x225.jpg\" data-large-file=\"https:\/\/ecomatin.net\/wp-content\/uploads\/2020\/06\/hqdefault.jpg\" src=\"https:\/\/ecomatin.net\/wp-content\/uploads\/2020\/06\/hqdefault.jpg\" alt=\"\" class=\"wp-image-16601\" srcset=\"https:\/\/ecomatin.net\/wp-content\/uploads\/2020\/06\/hqdefault.jpg 480w, https:\/\/ecomatin.net\/wp-content\/uploads\/2020\/06\/hqdefault-300x225.jpg 300w\" sizes=\"(max-width: 480px) 100vw, 480px\"\/><\/p>\n<p><strong>RODRIGUE ONGOLO ONAMBELE,\u00a0<em>Chef de projet Forum investir \u00e0 Kribi, Pr\u00e9sident de la Fondation d\u2019industrialisation de Kribi<\/em><\/strong><\/p>\n<p>La Fondation d\u2019industria\u00adlisation de Kribi est une organisation humanitaire \u00e0 but non lucratif dont l\u2019ob\u00adjectif est de promouvoir l\u2019agr\u00e9ment d\u2019investisseur de la R\u00e9publique du Came\u00adroun, vulgariser le Plan directeur d\u2019industrialisa\u00adtion du Cameroun, et pro\u00admouvoir l\u2019investissement priv\u00e9 en vue de l\u2019indus\u00adtrialisation du Cameroun, en droite ligne de la vision du gouvernement, dans le cadre de l\u2019attrait des inves\u00adtissements directs \u00e9trangers et directs domestiques. La Fik veut apporter sa contri\u00adbution au d\u00e9veloppement du Cameroun en proposant des solutions pour la via\u00adbilisation des composantes logistiques, industrielles et urbaines du complexe in\u00addustrialo-portuaire de Kribi, et s\u2019int\u00e9resse sp\u00e9cialement \u00e0 toutes les questions qui touchent au d\u00e9veloppement de la ville de Kribi et ses environs \u00e0 savoir les com\u00admunes de Campo, Niete, Lokoundje, Mvengue, Akom 2, Lolodorf, Bipindi.<\/p>\n<p>[author title=\u00a0\u00bbLa R\u00e9daction EcoMatin\u00a0\u00bb image=\u00a0\u00bbhttp:\/\/\u00a0\u00bb][\/author]<\/p>\n<div class=\"awac-wrapper awac widget posts-list-widget-11\">\n<h4 class=\"widget-title\">Le plus r\u00e9cent<\/h4>\n<\/div>\n<p>Auteur: EcoMatin<br \/>\n<a href=\"https:\/\/ecomatin.net\/le-forum-investir-a-kribi-veut-attirer-40-industries-par-an-pendant-25-ans\/\">Cliquez ici pour lire l&rsquo;article depuis sa source.<\/a><\/p>\n","protected":false},"excerpt":{"rendered":"<p>\u00abLa premi\u00e8re \u00e9dition se tiendra lors de la phase finale de la Can Total Cameroun\u2026\u00bb, a rassur\u00e9 Rodrigue Ongolo Onam\u00adbele, le Chef du projet du \u00abForum Investir \u00e0 Kribi\u00bb. Le Pr\u00e9sident de la Fonda\u00adtion d\u2019industrialisation de Kribi envisage capitaliser la tenue de cet \u00e9v\u00e9nement sportif majeur pour atti\u00adrer le plus grand nombre d\u2019investisseurs vers la [&hellip;]<\/p>\n","protected":false},"author":1969,"featured_media":90177,"comment_status":"closed","ping_status":"closed","sticky":false,"template":"","format":"standard","meta":{"fifu_image_url":"","fifu_image_alt":"","footnotes":""},"categories":[82,78],"tags":[],"class_list":["post-90176","post","type-post","status-publish","format-standard","has-post-thumbnail","hentry","category-cameroun","category-economie"],"_links":{"self":[{"href":"https:\/\/linitiative.ca\/International\/wp-json\/wp\/v2\/posts\/90176","targetHints":{"allow":["GET"]}}],"collection":[{"href":"https:\/\/linitiative.ca\/International\/wp-json\/wp\/v2\/posts"}],"about":[{"href":"https:\/\/linitiative.ca\/International\/wp-json\/wp\/v2\/types\/post"}],"author":[{"embeddable":true,"href":"https:\/\/linitiative.ca\/International\/wp-json\/wp\/v2\/users\/1969"}],"replies":[{"embeddable":true,"href":"https:\/\/linitiative.ca\/International\/wp-json\/wp\/v2\/comments?post=90176"}],"version-history":[{"count":0,"href":"https:\/\/linitiative.ca\/International\/wp-json\/wp\/v2\/posts\/90176\/revisions"}],"wp:featuredmedia":[{"embeddable":true,"href":"https:\/\/linitiative.ca\/International\/wp-json\/"}],"wp:attachment":[{"href":"https:\/\/linitiative.ca\/International\/wp-json\/wp\/v2\/media?parent=90176"}],"wp:term":[{"taxonomy":"category","embeddable":true,"href":"https:\/\/linitiative.ca\/International\/wp-json\/wp\/v2\/categories?post=90176"},{"taxonomy":"post_tag","embeddable":true,"href":"https:\/\/linitiative.ca\/International\/wp-json\/wp\/v2\/tags?post=90176"}],"curies":[{"name":"wp","href":"https:\/\/api.w.org\/{rel}","templated":true}]}}