{"id":90193,"date":"2020-06-26T09:57:51","date_gmt":"2020-06-26T13:57:51","guid":{"rendered":"https:\/\/linitiative.ca\/International\/les-coquelicots-de-loriental\/"},"modified":"2020-06-26T09:57:51","modified_gmt":"2020-06-26T13:57:51","slug":"les-coquelicots-de-loriental","status":"publish","type":"post","link":"https:\/\/linitiative.ca\/International\/les-coquelicots-de-loriental\/","title":{"rendered":"Les coquelicots de l\u2019Oriental"},"content":{"rendered":"<p class=\"c2\"><strong>Par Hassan El Mouden<\/strong><\/p>\n<p class=\"has-text-color c3\"><strong>C\u2019est une chronique \u00e9crite en1983 par Brick Oussaid, ing\u00e9nieur de formation et \u00e9crivain marocain. Dans ce r\u00e9cit, l\u2019auteur nous invite \u00a0\u00e0 m\u00e9diter sur le sort d\u2019un \u00e9l\u00e8ve marocain qui a beaucoup souffert avant de s\u2019en aller pour poursuivre ses \u00e9tudes en France.<\/strong><\/p>\n<p>Le narrateur y raconte la mis\u00e8re \u00a0qu\u2019il d\u00fb surmont\u00e9 dans son douar recul\u00e9. Il \u00e9tait si pauvre que sa maman lui pr\u00e9parait des grains des coquelicots en guise de repas. D\u2019o\u00f9 la port\u00e9e satirique qui se d\u00e9gage du titre. L\u2019auteur semble nous dire\u00a0: si les coquelicots ont en g\u00e9n\u00e9ral une fonction esth\u00e9tique et d\u00e9corative, ceux de chez nous (l\u2019Oriental) ont une fonction nutritive.<\/p>\n<p>Il y d\u00e9crit aussi la vie que m\u00e8nent les gens de \u00a0la r\u00e9gion orientale comme un \u00abmouroir \u00e0 petit feu\u00bb. Le contraste avec son village natal qui sombre dans la monotonie, se lit dans l\u2019\u00e9pisode de l\u2019a\u00e9roport. Le narrateur,\u00a0 suivant les traces de Lhou, son guide et initiateur, est \u00e9tonn\u00e9 par l\u2019agitation de l\u2019a\u00e9roport. Pour lui, l\u2019avion n\u2019est pas un simple moyen de transport.\u00a0 C\u2019est un avion salvateur. Un avion qui l\u2019arrache \u00e0 la mis\u00e8re.<\/p>\n<p>\u00abJ\u2019avais enfin des ailes, j\u2019allais me sauver, m\u2019arracher \u00e0 la mis\u00e8re, au mouroir \u00e0 petit feu\u00bb. Dit-il, en d\u00e9crivant son bapt\u00eame de l\u2019air non sans \u00e9tonnement.<\/p>\n<p>Cet \u00e9pisode est une occasion pour le narrateur de jeter un regard critique sur l\u2019\u00e9cole dont il garde des souvenirs non moins d\u00e9sagr\u00e9ables.<\/p>\n<p>\u00abJe ne pouvais pas m\u2019emp\u00eacher de penser \u00e0 l\u2019\u00e9cole primaire quand nous \u00e9tions en rang devant la porte d\u2019entr\u00e9e de la classe, sous l\u2019\u0153il inquisiteur du tyran\u00bb.<\/p>\n<p>La lecture de cette chronique nous invite aussi \u00e0 r\u00e9fl\u00e9chir sur tout ce flot de mati\u00e8re grise qui traverse la M\u00e9diterran\u00e9e. Tous ces cerveaux qui fuient leur terre natale, ont-ils l\u2019intention de revenir\u00a0? Le narrateur des Coquelicots nous r\u00e9pond\u00a0:<\/p>\n<p>\u00abJe ferais des efforts, je m\u2019int\u00e8grerais et conna\u00eetrais les indig\u00e8nes, j\u2019oublierais ma souffrance, je ne reviendrais jamais\u00bb.<\/p>\n<p>Le r\u00e9cit de Brick Oussaid est dat\u00e9 certes, mais la probl\u00e9matique dont il traite est toujours de l\u2019actualit\u00e9. Si cet ing\u00e9nieur se sert de \u00a0l\u2019\u00e9criture pour exprimer sa souffrance et celle de toute sa g\u00e9n\u00e9ration, on remarque que la plupart des cerveaux\u00a0 aujourd\u2019hui fuient tragiquement vers l\u2019\u00e9tranger sans laisser de traces litt\u00e9raires.<\/p>\n<p>Ce qui nous laisse \u00e0 nous interroger sur la place de la litt\u00e9rature au sein de notre syst\u00e8me \u00e9ducatif et la n\u00e9cessit\u00e9 de d\u00e9velopper l\u2019esprit cr\u00e9atif chez nos apprenants.<\/p>\n<p>Auteur: M&rsquo;hammed rahal<br \/>\n<a href=\"http:\/\/albayane.press.ma\/les-coquelicots-de-loriental.html\">Cliquez ici pour lire l&rsquo;article depuis sa source.<\/a><\/p>\n","protected":false},"excerpt":{"rendered":"<p>Par Hassan El Mouden C\u2019est une chronique \u00e9crite en1983 par Brick Oussaid, ing\u00e9nieur de formation et \u00e9crivain marocain. Dans ce r\u00e9cit, l\u2019auteur nous invite \u00a0\u00e0 m\u00e9diter sur le sort d\u2019un \u00e9l\u00e8ve marocain qui a beaucoup souffert avant de s\u2019en aller pour poursuivre ses \u00e9tudes en France. Le narrateur y raconte la mis\u00e8re \u00a0qu\u2019il d\u00fb surmont\u00e9 [&hellip;]<\/p>\n","protected":false},"author":1760,"featured_media":0,"comment_status":"closed","ping_status":"closed","sticky":false,"template":"","format":"standard","meta":{"fifu_image_url":"","fifu_image_alt":"","footnotes":""},"categories":[73,54],"tags":[],"class_list":["post-90193","post","type-post","status-publish","format-standard","hentry","category-actualite","category-maroc"],"_links":{"self":[{"href":"https:\/\/linitiative.ca\/International\/wp-json\/wp\/v2\/posts\/90193","targetHints":{"allow":["GET"]}}],"collection":[{"href":"https:\/\/linitiative.ca\/International\/wp-json\/wp\/v2\/posts"}],"about":[{"href":"https:\/\/linitiative.ca\/International\/wp-json\/wp\/v2\/types\/post"}],"author":[{"embeddable":true,"href":"https:\/\/linitiative.ca\/International\/wp-json\/wp\/v2\/users\/1760"}],"replies":[{"embeddable":true,"href":"https:\/\/linitiative.ca\/International\/wp-json\/wp\/v2\/comments?post=90193"}],"version-history":[{"count":0,"href":"https:\/\/linitiative.ca\/International\/wp-json\/wp\/v2\/posts\/90193\/revisions"}],"wp:attachment":[{"href":"https:\/\/linitiative.ca\/International\/wp-json\/wp\/v2\/media?parent=90193"}],"wp:term":[{"taxonomy":"category","embeddable":true,"href":"https:\/\/linitiative.ca\/International\/wp-json\/wp\/v2\/categories?post=90193"},{"taxonomy":"post_tag","embeddable":true,"href":"https:\/\/linitiative.ca\/International\/wp-json\/wp\/v2\/tags?post=90193"}],"curies":[{"name":"wp","href":"https:\/\/api.w.org\/{rel}","templated":true}]}}