{"id":90195,"date":"2020-06-26T10:31:14","date_gmt":"2020-06-26T14:31:14","guid":{"rendered":"https:\/\/linitiative.ca\/International\/%ef%bb%bflaile-gauche-poursuit-sa-poussee-chez-les-democrates\/"},"modified":"2020-06-26T10:31:14","modified_gmt":"2020-06-26T14:31:14","slug":"%ef%bb%bflaile-gauche-poursuit-sa-poussee-chez-les-democrates","status":"publish","type":"post","link":"https:\/\/linitiative.ca\/International\/%ef%bb%bflaile-gauche-poursuit-sa-poussee-chez-les-democrates\/","title":{"rendered":"\ufeffL\u2019aile gauche poursuit sa pouss\u00e9e chez les d\u00e9mocrates"},"content":{"rendered":"<p class=\"has-text-color has-vivid-red-color c2\"><strong>Diversit\u00e9 et jeunesse aux \u00e9lections amricaines<\/strong><\/p>\n<p class=\"has-text-color c3\"><strong>Apr\u00e8s 2018 et une premi\u00e8re perc\u00e9e, une vague de candidats jeunes, souvent issus de minorit\u00e9s et marqu\u00e9s \u00e0 gauche s\u2019impose chez les d\u00e9mocrates am\u00e9ricains, port\u00e9s par le mouvement autour de George Floyd et un app\u00e9tit pour le changement. Il y a quelques mois, le d\u00e9put\u00e9 de New York Eliot Engel, 73 ans, \u00e9tait encore consid\u00e9r\u00e9 comme intouchable.<\/strong><\/p>\n<p>Au Congr\u00e8s depuis 31 ans, r\u00e9\u00e9lu 15 fois, soutenu par Hillary Clinton elle-m\u00eame, il a pourtant \u00e9t\u00e9 largement battu par Jamaal Bowman, un proviseur de coll\u00e8ge de 44 ans, noir, lors de la primaire de mardi, m\u00eame si les r\u00e9sultats ne sont pas encore d\u00e9finitifs.<\/p>\n<p>Cette victoire promise fait \u00e9cho \u00e0 celle d\u2019Alexandria Ocasio-Cortez, qui avait d\u00e9tr\u00f4n\u00e9, en 2018, une autre figure d\u00e9mocrate du Congr\u00e8s, Joe Crowley, dans une circonscription implant\u00e9e dans le Queens et le Bronx, \u00e0 New York.<\/p>\n<p>Jamaal Bowman, qui ne s\u2019\u00e9tait jamais pr\u00e9sent\u00e9 \u00e0 une \u00e9lection, appartient \u00e0 la m\u00eame ligne r\u00e9formatrice qu\u2019\u00abAOC\u00bb, sortie facilement gagnante de sa propre primaire mardi et qui le soutenait, de m\u00eame que Bernie Sanders, figure de proue de la gauche am\u00e9ricaine et candidat malheureux \u00e0 l\u2019investiture d\u00e9mocrate pour la prochaine pr\u00e9sidentielle.<\/p>\n<p>Professeure de sciences politiques \u00e0 l\u2019universit\u00e9 de Purdue, Nadia Brown y voit un \u00abprolongement de ce que nous avons vu en 2018 avec des gens de couleur, plus jeunes et plus progressistes, qui se pr\u00e9sentent, et gagnent\u00bb.<\/p>\n<p>Si le scrutin l\u00e9gislatif d\u2019il y a deux ans avait surtout \u00e9t\u00e9 marqu\u00e9 par la pouss\u00e9e des femmes, il avait aussi vu, outre \u00abAOC\u00bb, les victoires d\u2019Ayanna Pressley, Ilhan Omar et Rashida Tlaib, toutes trois issues de minorit\u00e9s.<br \/>Mais cette ann\u00e9e, \u00ables manifestations Black Lives Matter ont ouvert les yeux de l\u2019Am\u00e9rique sur le racisme syst\u00e9mique\u00bb, dit-elle, dont un des aspects \u00e9tait, selon elle, la r\u00e9ticence d\u2019\u00e9lecteurs blancs \u00e0 voter pour un candidat noir.<\/p>\n<p>Outre Jamaal Bowman, un avocat noir de 33 ans, Mondaire Jones, l\u2019a emport\u00e9 mardi au nord de New York, de m\u00eame que Ritchie Torres (32 ans), noir lui aussi, dans son quartier d\u2019origine, le Bronx. Tous deux devraient devenir, en novembre, les deux premiers d\u00e9put\u00e9s noirs ouvertement gays aux Etats-Unis.<\/p>\n<p>Au-del\u00e0 des grands fiefs d\u00e9mocrates, le m\u00e9decin noir Cameron Webb (37 ans) est sorti vainqueur de sa primaire s\u00e9natoriale mardi en Virginie et para\u00eet en mesure de ramener aux d\u00e9mocrates une circonscription qu\u2019ils n\u2019ont gagn\u00e9e qu\u2019une seule fois depuis 20 ans.<\/p>\n<p>Pour Brian Arbour, professeur de sciences politiques au John Jay College de New York, le meilleur exemple de cet \u00e9lan cons\u00e9cutif au mouvement n\u00e9 fin mai est Charles Booker, dans le Kentucky.<\/p>\n<p>Cet \u00e9lu local afro-am\u00e9ricain de 35 ans est \u00abpass\u00e9 du statut d\u2019inconnu \u00e0 celui de concurrent s\u00e9rieux avec les manifestations\u00bb, durant lesquelles il a \u00e9t\u00e9 tr\u00e8s pr\u00e9sent.<\/p>\n<p>Dans un duel a priori perdu d\u2019avance face \u00e0 l\u2019ancienne pilote de chasse Amy McGrath, il est au coude au coude dans la primaire s\u00e9natoriale d\u00e9mocrate et en position de l\u2019emporter.<\/p>\n<p>\u00abLes mill\u00e9nials et la Gen Z (g\u00e9n\u00e9ration suivante) sont le groupe d\u2019Am\u00e9ricains le plus m\u00e9lang\u00e9 de l\u2019histoire de cette Nation\u00bb, rappelle Nadia Brown. Et \u00e0 mesure que cette population devient majoritaire, \u00abil y aura plus de gens de couleur qui seront \u00e9lus. C\u2019est une question de chiffres\u00bb.<\/p>\n<p>Pour l\u2019universitaire, cet \u00e9lan, port\u00e9 notamment par une participation inattendue, trouve aussi ses racines dans la pand\u00e9mie de coronavirus et sa gestion, qui ont montr\u00e9 aux \u00e9lecteurs, l\u2019importance des politiques publiques.<\/p>\n<p>Sur le plan id\u00e9ologique, \u00able parti d\u00e9mocrate, en g\u00e9n\u00e9ral, bouge vers la gauche\u00bb, souligne Brian Arbour, comme en t\u00e9moigne l\u2019\u00e9mergence de certaines id\u00e9es parmi les candidats \u00e0 la primaire d\u00e9mocrate pour la pr\u00e9sidentielle, qui paraissaient encore os\u00e9es il y a quatre ans.<\/p>\n<p>Couverture sant\u00e9 universelle ou vaste plan de lutte contre le r\u00e9chauffement climatique font d\u00e9sormais consensus.<br \/>Pour autant, \u00abC\u2019est un parti qui a vu Joe Biden l\u2019emporter facilement\u00bb, souligne Brian Arbour au sujet du candidat qui apparaissait comme le plus mod\u00e9r\u00e9 des favoris. \u00abJe ne sais pas \u00e0 quel point il est r\u00e9formateur.\u00bb<br \/>\u00abJe ne vois pas (les candidats progressistes) prendre le contr\u00f4le du parti\u00bb, abonde Nadia Brown, qui explique que \u00able pays est assez solidement mod\u00e9r\u00e9\u00bb.<\/p>\n<p>\u00abMais je pense qu\u2019ils vont \u00eatre assez nombreux au Congr\u00e8s (\u2026) pour pousser ceux qui sont au pouvoir \u00e0 repenser, en partie, leur politique\u00bb.<\/p>\n<p class=\"c4\">(AFP)<\/p>\n<p>Auteur: M&rsquo;hammed rahal<br \/>\n<a href=\"http:\/\/albayane.press.ma\/%EF%BB%BFlaile-gauche-poursuit-sa-poussee-chez-les-democrates.html\">Cliquez ici pour lire l&rsquo;article depuis sa source.<\/a><\/p>\n","protected":false},"excerpt":{"rendered":"<p>Diversit\u00e9 et jeunesse aux \u00e9lections amricaines Apr\u00e8s 2018 et une premi\u00e8re perc\u00e9e, une vague de candidats jeunes, souvent issus de minorit\u00e9s et marqu\u00e9s \u00e0 gauche s\u2019impose chez les d\u00e9mocrates am\u00e9ricains, port\u00e9s par le mouvement autour de George Floyd et un app\u00e9tit pour le changement. Il y a quelques mois, le d\u00e9put\u00e9 de New York Eliot [&hellip;]<\/p>\n","protected":false},"author":1760,"featured_media":0,"comment_status":"closed","ping_status":"closed","sticky":false,"template":"","format":"standard","meta":{"fifu_image_url":"","fifu_image_alt":"","footnotes":""},"categories":[73,54],"tags":[],"class_list":["post-90195","post","type-post","status-publish","format-standard","hentry","category-actualite","category-maroc"],"_links":{"self":[{"href":"https:\/\/linitiative.ca\/International\/wp-json\/wp\/v2\/posts\/90195","targetHints":{"allow":["GET"]}}],"collection":[{"href":"https:\/\/linitiative.ca\/International\/wp-json\/wp\/v2\/posts"}],"about":[{"href":"https:\/\/linitiative.ca\/International\/wp-json\/wp\/v2\/types\/post"}],"author":[{"embeddable":true,"href":"https:\/\/linitiative.ca\/International\/wp-json\/wp\/v2\/users\/1760"}],"replies":[{"embeddable":true,"href":"https:\/\/linitiative.ca\/International\/wp-json\/wp\/v2\/comments?post=90195"}],"version-history":[{"count":0,"href":"https:\/\/linitiative.ca\/International\/wp-json\/wp\/v2\/posts\/90195\/revisions"}],"wp:attachment":[{"href":"https:\/\/linitiative.ca\/International\/wp-json\/wp\/v2\/media?parent=90195"}],"wp:term":[{"taxonomy":"category","embeddable":true,"href":"https:\/\/linitiative.ca\/International\/wp-json\/wp\/v2\/categories?post=90195"},{"taxonomy":"post_tag","embeddable":true,"href":"https:\/\/linitiative.ca\/International\/wp-json\/wp\/v2\/tags?post=90195"}],"curies":[{"name":"wp","href":"https:\/\/api.w.org\/{rel}","templated":true}]}}