{"id":90196,"date":"2020-06-26T10:34:57","date_gmt":"2020-06-26T14:34:57","guid":{"rendered":"https:\/\/linitiative.ca\/International\/les-kosovars-et-les-serbes-seraient-ils-sur-le-chemin-de-la-paix\/"},"modified":"2020-06-26T10:34:57","modified_gmt":"2020-06-26T14:34:57","slug":"les-kosovars-et-les-serbes-seraient-ils-sur-le-chemin-de-la-paix","status":"publish","type":"post","link":"https:\/\/linitiative.ca\/International\/les-kosovars-et-les-serbes-seraient-ils-sur-le-chemin-de-la-paix\/","title":{"rendered":"Les Kosovars et les Serbes seraient-ils sur le chemin de la paix ?"},"content":{"rendered":"<p class=\"has-text-color c2\"><strong>\u00abLe bureau du procureur sp\u00e9cial pour le Kosovo de La Haye, qui enqu\u00eate sur les crimes contre les Serbes de souche li\u00e9s \u00e0 la guerre d\u2019ind\u00e9pendance du Kosovo de 1998-1999, a annonc\u00e9 que Hashim Thaci \u00e9tait inculp\u00e9 pour une s\u00e9rie de crimes de guerre\u00bb. C\u2019est ce qui ressort d\u2019un article publi\u00e9 par le \u00abWashington Post\u00bb dans son \u00e9dition en date de ce mercredi 24 Juin 2020.<\/strong><\/p>\n<p>Selon les d\u00e9tails fournis par le quotidien am\u00e9ricain, ces accusations qui ne sont pas encore prouv\u00e9es mais qui r\u00e9sulteraient d\u2019une longue enqu\u00eate, concerneraient pr\u00e9s d\u2019une centaine d\u2019assassinats, de disparitions ainsi qu\u2019une multitude d\u2019actes de torture et de pers\u00e9cution dont se serait rendu coupable Hashim Thaci envers des \u00abkosovars albanais, des Serbes, des Roms ou m\u00eame de simples opposants politiques\u00bb.<\/p>\n<p>Pour rappel, le \u00abTribunal sp\u00e9cial pour le Kosovo\u00bb avait \u00e9t\u00e9 cr\u00e9\u00e9 en 2015 apr\u00e8s l\u2019enqu\u00eate internationale cons\u00e9cutive \u00e0 un rapport du Conseil de l\u2019Europe qui avait mis en cause d\u2019anciens commandant du mouvement ind\u00e9pendantiste kosovar (UCK \u2013 Arm\u00e9e de lib\u00e9ration du Kosovo) reprochant, \u00e0 ce dernier les crimes dont il se serait rendu coupable pendant la guerre de \u00ablib\u00e9ration\u00bb et dont auraient \u00e9t\u00e9 victimes des Serbes, des Roms et des opposants albanais.<\/p>\n<p>Pendant la guerre qui, apr\u00e8s l\u2019\u00e9clatement de l\u2019ex-Yougoslavie, avait oppos\u00e9, entre 1998 et 1999, le Kosovo qui luttait pour son ind\u00e9pendance \u00e0 la Serbie, l\u2019actuel pr\u00e9sident kosovar \u00e9tait l\u2019un des commandants de l\u2019arm\u00e9e de lib\u00e9ration aux c\u00f4t\u00e9s \u00abde nombreux leaders politiques actuels du Kosovo\u00bb. Le quotidien am\u00e9ricain rappellera, en outre, que \u00abl\u2019ann\u00e9e derni\u00e8re, le Premier ministre du Kosovo, Ramush Haradinaj, avait d\u00e9missionn\u00e9 brusquement apr\u00e8s avoir \u00e9t\u00e9 interrog\u00e9 par le m\u00eame bureau\u00bb.<\/p>\n<p>Or, de l\u2019avis de Hysni Gucati, le pr\u00e9sident de l\u2019Association des anciens combattants du Kosovo, ce bureau, aurait \u00abcommis une erreur\u00bb en rendant public l\u2019acte d\u2019accusation juste avant le sommet qui devrait se tenir, sous l\u2019\u00e9gide de la Maison Blanche, ce samedi 27 juin 2020 entre le Kosovo qui, en n\u2019ayant pas encore d\u2019arm\u00e9e est sous la protection de l\u2019OTAN et la Serbie \u00e0 l\u2019effet\u00a0 \u00abde r\u00e9soudre la longue dispute entre Pristina [capitale du Kosovo] et Belgrade [capitale de la Serbie]\u00bb qui n\u2019a toujours pas reconnu l\u2019ind\u00e9pendance de son ancienne province quand bien m\u00eame la Cour Internationale de Justice l\u2019a reconnue comme \u00e9tant conforme au droit international. L\u2019autre point \u00e0 l\u2019ordre du jour de ce sommet aurait trait, selon\u00a0 Vigan Corolli, professeur en droit \u00e0 l\u2019Universit\u00e9 de Pristina, \u00e0 l\u2019examen de la question de \u00abla dissolution\u00bb du Tribunal pour le Kosovo qui n\u2019aurait plus raison d\u2019\u00eatre.<\/p>\n<p>Mais le timing \u00abmal choisi\u00bb de la mise en accusation du pr\u00e9sident kosovar par le bureau du procureur sp\u00e9cial pour le Kosovo de La Haye aurait pouss\u00e9 Hashim Thaci \u00e0 \u00abinterrompre\u00bb le voyage qui devait le conduire \u00e0 Washington. Aussi, dans son message sur Twitter, Richard Grenell, l\u2019\u00e9missaire am\u00e9ricain pour le Kosovo, a-t-il tenu \u00e0 pr\u00e9ciser que \u00ables discussions\u00bb qui devaient avoir lieu ce samedi \u00e0 Washington pour relancer le dialogue de paix entre le Kosovo et la Serbie seraient maintenues m\u00eame si la r\u00e9union ne se tiendra qu\u2019entre le pr\u00e9sident serbe Aleksander Vucic et le Premier ministre kosovar Abdullah Hoti. Est-il permis d\u2019affirmer que les kosovars et les serbes sont r\u00e9ellement sur le chemin de la paix ? Attendons pour voir\u2026<\/p>\n<p class=\"c3\"><strong>Nabil El Bousaadi<\/strong><\/p>\n<p>Auteur: M&rsquo;hammed rahal<br \/>\n<a href=\"http:\/\/albayane.press.ma\/les-kosovars-et-les-serbes-seraient-ils-sur-le-chemin-de-la-paix.html\">Cliquez ici pour lire l&rsquo;article depuis sa source.<\/a><\/p>\n","protected":false},"excerpt":{"rendered":"<p>\u00abLe bureau du procureur sp\u00e9cial pour le Kosovo de La Haye, qui enqu\u00eate sur les crimes contre les Serbes de souche li\u00e9s \u00e0 la guerre d\u2019ind\u00e9pendance du Kosovo de 1998-1999, a annonc\u00e9 que Hashim Thaci \u00e9tait inculp\u00e9 pour une s\u00e9rie de crimes de guerre\u00bb. C\u2019est ce qui ressort d\u2019un article publi\u00e9 par le \u00abWashington Post\u00bb [&hellip;]<\/p>\n","protected":false},"author":1760,"featured_media":0,"comment_status":"closed","ping_status":"closed","sticky":false,"template":"","format":"standard","meta":{"fifu_image_url":"","fifu_image_alt":"","footnotes":""},"categories":[73,54],"tags":[],"class_list":["post-90196","post","type-post","status-publish","format-standard","hentry","category-actualite","category-maroc"],"_links":{"self":[{"href":"https:\/\/linitiative.ca\/International\/wp-json\/wp\/v2\/posts\/90196","targetHints":{"allow":["GET"]}}],"collection":[{"href":"https:\/\/linitiative.ca\/International\/wp-json\/wp\/v2\/posts"}],"about":[{"href":"https:\/\/linitiative.ca\/International\/wp-json\/wp\/v2\/types\/post"}],"author":[{"embeddable":true,"href":"https:\/\/linitiative.ca\/International\/wp-json\/wp\/v2\/users\/1760"}],"replies":[{"embeddable":true,"href":"https:\/\/linitiative.ca\/International\/wp-json\/wp\/v2\/comments?post=90196"}],"version-history":[{"count":0,"href":"https:\/\/linitiative.ca\/International\/wp-json\/wp\/v2\/posts\/90196\/revisions"}],"wp:attachment":[{"href":"https:\/\/linitiative.ca\/International\/wp-json\/wp\/v2\/media?parent=90196"}],"wp:term":[{"taxonomy":"category","embeddable":true,"href":"https:\/\/linitiative.ca\/International\/wp-json\/wp\/v2\/categories?post=90196"},{"taxonomy":"post_tag","embeddable":true,"href":"https:\/\/linitiative.ca\/International\/wp-json\/wp\/v2\/tags?post=90196"}],"curies":[{"name":"wp","href":"https:\/\/api.w.org\/{rel}","templated":true}]}}