{"id":90198,"date":"2020-06-26T11:05:26","date_gmt":"2020-06-26T15:05:26","guid":{"rendered":"https:\/\/linitiative.ca\/International\/reouverture-des-frontieres-classification-scientifique-des-pays-selon-la-gravite-de-la-pandemie\/"},"modified":"2020-06-26T11:05:26","modified_gmt":"2020-06-26T15:05:26","slug":"reouverture-des-frontieres-classification-scientifique-des-pays-selon-la-gravite-de-la-pandemie","status":"publish","type":"post","link":"https:\/\/linitiative.ca\/International\/reouverture-des-frontieres-classification-scientifique-des-pays-selon-la-gravite-de-la-pandemie\/","title":{"rendered":"R\u00e9ouverture des fronti\u00e8res : Classification scientifique des pays selon la gravit\u00e9 de la pand\u00e9mie"},"content":{"rendered":"<p>Le membre du comit\u00e9 scientifique de lutte contre le Coronavirus, Habib Gh\u00e9dira, a d\u00e9clar\u00e9, jeudi, que la classification tunisienne des pays du monde en zones verte, orange ou rouge, en fonction de la gravit\u00e9 de la propagation du Coronavirus, a \u00e9t\u00e9 bas\u00e9e sur des crit\u00e8res et indicateurs scientifiques approuv\u00e9s par de nombreux pays du monde.<\/p>\n<p>Gh\u00e9dira a indiqu\u00e9 que parmi les indicateurs les plus importants, figure le nombre de cas de contamination, enregistr\u00e9es depuis la propagation du virus, la courbe \u00e9pid\u00e9mique au cours des 14 derniers jours et le nombre d\u2019arriv\u00e9es porteurs du virus par rapport au nombre total des arriv\u00e9es dans le pays concern\u00e9.<\/p>\n<p>Cette classification sera r\u00e9examin\u00e9e chaque trois ou quatre jours en fonction de l\u2019\u00e9volution des conditions \u00e9pid\u00e9miologiques, a ajout\u00e9 Gh\u00e9dira, notant que l\u2019indicateur du propagation du virus RT, ainsi que le type de propagation \u00e9pid\u00e9mique, selon qu\u2019elle soit une propagation communautaire moyenne ou limit\u00e9e en zones isol\u00e9es, a \u00e9t\u00e9 \u00e9galement retenue.<\/p>\n<p>En ce qui concerne la classification de la France dans la r\u00e9gion orange, alors que l\u2019Allemagne et l\u2019Italie \u00e9taient class\u00e9es dans la zone verte, Gh\u00e9dira a expliqu\u00e9 que l\u2019Allemagne enregistre actuellement des cas de contamination dans des zones isol\u00e9es, tandis que l\u2019Italie avait stopp\u00e9 la propagation communautaire du virus en d\u00e9pit de l\u2019enregistrement d\u2019un certain nombre de d\u00e9c\u00e8s.<\/p>\n<p>\u00ab En revanche, la France continue d\u2019enregistrer une propagation communautaire, d\u2019o\u00f9 son classement dans la zone orange \u00bb, a-t-il pr\u00e9cis\u00e9. Gh\u00e9dira a soulign\u00e9 que le comit\u00e9 scientifique assure un suivi de l\u2019\u00e9volution de la situation \u00e0 travers le monde et recourt en cons\u00e9quence \u00e0 l\u2019analyse des donn\u00e9es qui s\u2019y rapportent, \u00e0 leur examen pour en d\u00e9battre avec l\u2019Observatoire national des maladies nouvelles et \u00e9mergentes afin de les actualiser et faciliter le processus d\u2019entr\u00e9e en Tunisie par la reclassification de certains pays.<\/p>\n<p>La zone verte regroupe les pays qui ont r\u00e9ussi \u00e0 ma\u00eetriser l\u2019\u00e9pid\u00e9mie et qui enregistrent une faible pr\u00e9valence du virus. Les voyageurs \u00e9trangers et tunisiens en provenance de ces pays, sont autoris\u00e9s \u00e0 entrer en Tunisie sans restrictions, doivent remplir un formulaire \u00e9lectronique et se soumettre aux proc\u00e9dures de pr\u00e9vention dont, la prise de temp\u00e9rature corporelle et la r\u00e9ponse \u00e0 certaines questions li\u00e9es \u00e0 l\u2019\u00e9tat de sant\u00e9.<\/p>\n<p>La \u00ab zone orange \u00bb regroupe les pays o\u00f9 la pr\u00e9valence de l\u2019\u00e9pid\u00e9mie est mod\u00e9r\u00e9e. Les voyageurs en provenance de ces pays sont tenus de fournir un test de laboratoire RT-PCR \u00e0 travers un \u00e9chantillon du nez, et sont soumis \u00e0 un auto-isolement \u00e0 domicile pendant une p\u00e9riode de 14 jours sans recours \u00e0 une autre proc\u00e9dure, sauf en cas d\u2019apparition des sympt\u00f4mes du Covid-19 sur la personne concern\u00e9e.<\/p>\n<p>En ce qui concerne les arriv\u00e9es des pays class\u00e9s dans la \u00ab zones rouge \u00bb, \u00ab aucun touriste n\u2019en sera accept\u00e9 \u00bb, affirme Gh\u00e9dira, soulignant qu\u2019en revanche, il n\u2019est pas possible d\u2019emp\u00eacher un citoyen tunisien r\u00e9sidant dans les pays de cette r\u00e9gion de retourner dans son pays, \u00e0 condition qu\u2019il se conforme \u00e0 l\u2019auto-isolement obligatoire pendant une semaine et se soumette \u00e0 un test de d\u00e9pistage \u00e0 partir du sixi\u00e8me jour de son arriv\u00e9e.<\/p>\n<p>Il a expliqu\u00e9 que si les r\u00e9sultats de l\u2019analyse s\u2019av\u00e8rent positifs, la personne concern\u00e9e sera h\u00e9berg\u00e9e dans un centre de soins Covid-19 ou dans un h\u00f4pital d\u00e9sign\u00e9 \u00e0 cet effet dans le cas d\u2019une complication sanitaire.<\/p>\n<p>La classification des pays par l\u2019Observatoire national des maladies nouvelles et \u00e9mergentes, mercredi, a concern\u00e9 105 pays, sur la base du niveau de pr\u00e9valence du coronavirus dans chaque pays. Il s\u2019agit des pays de la \u00bb zone verte \u00ab , au nombre de 46 ayant r\u00e9ussi \u00e0 maitriser l\u2019\u00e9pid\u00e9mie, de 59 pays class\u00e9s dans la \u00bb zone orange \u00bb o\u00f9 la situation \u00e9pid\u00e9miologique est consid\u00e9r\u00e9e comme \u00e9tant \u00ab mod\u00e9r\u00e9e \u00bb, tandis que le reste des pays du monde, \u00e0 l\u2019exception de l\u2019Alg\u00e9rie et de la Lybie, ont \u00e9t\u00e9 class\u00e9s dans la \u00bb zone rouge \u00ab .<\/p>\n<p>Cette classification ne concerne pas l\u2019Alg\u00e9rie et la Lybie qui ont \u00e9t\u00e9 sp\u00e9cifi\u00e9es par des mesures sp\u00e9cifiques en vue d\u2019organiser le processus d\u2019ouverture des fronti\u00e8res avec la Tunisie. Aucun pays arabe n\u2019a \u00e9t\u00e9 class\u00e9 dans la \u00ab zone verte \u00bb, tandis que le Maroc, la Jordanie et le Liban, ont \u00e9t\u00e9 class\u00e9s dans la \u00ab zone orange \u00bb.<\/p>\n<div class=\"wp-post-author-wrap wp-post-author-shortcode left\">\n<h3 class=\"awpa-title\"\/>\n<div class=\"wp-post-author\">\n<div class=\"awpa-img awpa-author-block square\"><a href=\"http:\/\/lexpertjournal.net\/fr\/?author=5\"><img loading=\"lazy\" decoding=\"async\" alt=\"\" src=\"http:\/\/0.gravatar.com\/avatar\/97f8e10a1c1125ba104a76514ee07b16?s=150&amp;d=mm&amp;r=g\" srcset=\"http:\/\/0.gravatar.com\/avatar\/97f8e10a1c1125ba104a76514ee07b16?s=300&amp;d=mm&amp;r=g 2x\" class=\"avatar avatar-150 photo\" height=\"150\" width=\"150\"\/><\/a><\/div>\n<\/div>\n<\/div>\n<aside class=\"mashsb-container mashsb-main mashsb-stretched\">\n<\/aside>\n<p>Auteur: L&rsquo;expert<br \/>\n<a href=\"http:\/\/lexpertjournal.net\/fr\/?p=15498\">Cliquez ici pour lire l&rsquo;article depuis sa source.<\/a><\/p>\n","protected":false},"excerpt":{"rendered":"<p>Le membre du comit\u00e9 scientifique de lutte contre le Coronavirus, Habib Gh\u00e9dira, a d\u00e9clar\u00e9, jeudi, que la classification tunisienne des pays du monde en zones verte, orange ou rouge, en fonction de la gravit\u00e9 de la propagation du Coronavirus, a \u00e9t\u00e9 bas\u00e9e sur des crit\u00e8res et indicateurs scientifiques approuv\u00e9s par de nombreux pays du monde. [&hellip;]<\/p>\n","protected":false},"author":1775,"featured_media":0,"comment_status":"closed","ping_status":"closed","sticky":false,"template":"","format":"standard","meta":{"fifu_image_url":"","fifu_image_alt":"","footnotes":""},"categories":[78,55],"tags":[],"class_list":["post-90198","post","type-post","status-publish","format-standard","hentry","category-economie","category-tunisie"],"_links":{"self":[{"href":"https:\/\/linitiative.ca\/International\/wp-json\/wp\/v2\/posts\/90198","targetHints":{"allow":["GET"]}}],"collection":[{"href":"https:\/\/linitiative.ca\/International\/wp-json\/wp\/v2\/posts"}],"about":[{"href":"https:\/\/linitiative.ca\/International\/wp-json\/wp\/v2\/types\/post"}],"author":[{"embeddable":true,"href":"https:\/\/linitiative.ca\/International\/wp-json\/wp\/v2\/users\/1775"}],"replies":[{"embeddable":true,"href":"https:\/\/linitiative.ca\/International\/wp-json\/wp\/v2\/comments?post=90198"}],"version-history":[{"count":0,"href":"https:\/\/linitiative.ca\/International\/wp-json\/wp\/v2\/posts\/90198\/revisions"}],"wp:attachment":[{"href":"https:\/\/linitiative.ca\/International\/wp-json\/wp\/v2\/media?parent=90198"}],"wp:term":[{"taxonomy":"category","embeddable":true,"href":"https:\/\/linitiative.ca\/International\/wp-json\/wp\/v2\/categories?post=90198"},{"taxonomy":"post_tag","embeddable":true,"href":"https:\/\/linitiative.ca\/International\/wp-json\/wp\/v2\/tags?post=90198"}],"curies":[{"name":"wp","href":"https:\/\/api.w.org\/{rel}","templated":true}]}}