{"id":90199,"date":"2020-06-26T11:07:34","date_gmt":"2020-06-26T15:07:34","guid":{"rendered":"https:\/\/linitiative.ca\/International\/commission-denquete-parlementaire-fakhfakh-harcele-et-les-deputes-satisfaits\/"},"modified":"2020-06-26T11:07:34","modified_gmt":"2020-06-26T15:07:34","slug":"commission-denquete-parlementaire-fakhfakh-harcele-et-les-deputes-satisfaits","status":"publish","type":"post","link":"https:\/\/linitiative.ca\/International\/commission-denquete-parlementaire-fakhfakh-harcele-et-les-deputes-satisfaits\/","title":{"rendered":"Commission d\u2019enqu\u00eate parlementaire : Fakhfakh harcel\u00e9 et les d\u00e9put\u00e9s satisfaits"},"content":{"rendered":"<p>Des d\u00e9put\u00e9s ont salu\u00e9 jeudi la cr\u00e9ation d\u2019une commission d\u2019enqu\u00eate parlementaire sur \u00ab la situation de conflit d\u2019int\u00e9r\u00eats et de suspicion de corruption visant le chef du gouvernement \u00bb, affirmant qu\u2019 \u00bb il ne faut pas avoir peur de l\u2019avenir \u00e0 la lumi\u00e8re de la mobilisation de tous contre la corruption \u00ab .<\/p>\n<p>Lors de la s\u00e9ance pl\u00e9ni\u00e8re de l\u2019ARP, consacr\u00e9e \u00e0 l\u2019audition du chef du gouvernement sur son bilan apr\u00e8s 100 jours au pouvoir, les d\u00e9put\u00e9s ont estim\u00e9 que la cr\u00e9ation de telle commission compos\u00e9e majoritairement de l\u2019opposition et la mobilisation de la justice refl\u00e8tent, bel et bien, la r\u00e9ussite du processus d\u00e9mocratique en Tunisie.<\/p>\n<p>Le comit\u00e9 de contr\u00f4le g\u00e9n\u00e9ral des services publics a \u00e9t\u00e9 charg\u00e9 d\u2019inspecter sur deux march\u00e9s octroy\u00e9s \u00e0 un groupement d\u2019entreprises qui traite avec l\u2019Etat et dans lequel le chef du gouvernement est actionnaire.<\/p>\n<p>Les d\u00e9put\u00e9s ont assur\u00e9 qu\u2019ils ne reviendront pas sur la d\u00e9cision de retirer la confiance au chef du gouvernement au cas o\u00f9 son inculpation a \u00e9t\u00e9 prouv\u00e9e.<\/p>\n<p>Plus t\u00f4t dans la journ\u00e9e, le bureau de l\u2019Assembl\u00e9e des repr\u00e9sentants du peuple (ARP) avait pris acte de la demande de la majorit\u00e9 de l\u2019opposition de cr\u00e9er une commission d\u2019enqu\u00eate parlementaire sur \u00ab la situation de conflit d\u2019int\u00e9r\u00eats et de suspicion de corruption visant le chef du gouvernement \u00bb.<\/p>\n<p>Une disposition conforme \u00e0 l\u2019article 60 de la Constitution et l\u2019article 98 du r\u00e8glement int\u00e9rieur du parlement, avait expliqu\u00e9 le bureau de l\u2019ARP, en invitant les groupes parlementaires \u00e0 pr\u00e9senter leurs candidats pour la commission selon la repr\u00e9sentation proportionnelle.<\/p>\n<p>Le d\u00e9put\u00e9 du parti Qalb Toun\u00e8s, Iyadh Elloumi avait annonc\u00e9 lors d\u2019une conf\u00e9rence de presse organis\u00e9e aujourd\u2019hui dans l\u2019h\u00e9micycle, la cr\u00e9ation d\u2019une commission parlementaire compos\u00e9e majoritairement de l\u2019opposition pour enqu\u00eater sur \u00ab le conflit d\u2019int\u00e9r\u00eats impliquant le chef du gouvernement, Ely\u00e8s Fakhfakh \u00bb.<\/p>\n<p>D\u2019apr\u00e8s lui, la commission d\u2019enqu\u00eate regroupe, actuellement, le pr\u00e9sident du bloc parlementaire Qalb Toun\u00e8s, le pr\u00e9sident du bloc Coalition Al-Karama, quatre d\u00e9put\u00e9s du bloc Qalb Toun\u00e8s et deux d\u00e9put\u00e9s du bloc Al-Karama.<\/p>\n<div class=\"wp-post-author-wrap wp-post-author-shortcode left\">\n<h3 class=\"awpa-title\"\/>\n<div class=\"wp-post-author\">\n<div class=\"awpa-img awpa-author-block square\"><a href=\"http:\/\/lexpertjournal.net\/fr\/?author=5\"><img loading=\"lazy\" decoding=\"async\" alt=\"\" src=\"http:\/\/0.gravatar.com\/avatar\/97f8e10a1c1125ba104a76514ee07b16?s=150&amp;d=mm&amp;r=g\" srcset=\"http:\/\/0.gravatar.com\/avatar\/97f8e10a1c1125ba104a76514ee07b16?s=300&amp;d=mm&amp;r=g 2x\" class=\"avatar avatar-150 photo\" height=\"150\" width=\"150\"\/><\/a><\/div>\n<\/div>\n<\/div>\n<aside class=\"mashsb-container mashsb-main mashsb-stretched\">\n<\/aside>\n<p>Auteur: L&rsquo;expert<br \/>\n<a href=\"http:\/\/lexpertjournal.net\/fr\/?p=15501\">Cliquez ici pour lire l&rsquo;article depuis sa source.<\/a><\/p>\n","protected":false},"excerpt":{"rendered":"<p>Des d\u00e9put\u00e9s ont salu\u00e9 jeudi la cr\u00e9ation d\u2019une commission d\u2019enqu\u00eate parlementaire sur \u00ab la situation de conflit d\u2019int\u00e9r\u00eats et de suspicion de corruption visant le chef du gouvernement \u00bb, affirmant qu\u2019 \u00bb il ne faut pas avoir peur de l\u2019avenir \u00e0 la lumi\u00e8re de la mobilisation de tous contre la corruption \u00ab . Lors de [&hellip;]<\/p>\n","protected":false},"author":1775,"featured_media":0,"comment_status":"closed","ping_status":"closed","sticky":false,"template":"","format":"standard","meta":{"fifu_image_url":"","fifu_image_alt":"","footnotes":""},"categories":[78,55],"tags":[],"class_list":["post-90199","post","type-post","status-publish","format-standard","hentry","category-economie","category-tunisie"],"_links":{"self":[{"href":"https:\/\/linitiative.ca\/International\/wp-json\/wp\/v2\/posts\/90199","targetHints":{"allow":["GET"]}}],"collection":[{"href":"https:\/\/linitiative.ca\/International\/wp-json\/wp\/v2\/posts"}],"about":[{"href":"https:\/\/linitiative.ca\/International\/wp-json\/wp\/v2\/types\/post"}],"author":[{"embeddable":true,"href":"https:\/\/linitiative.ca\/International\/wp-json\/wp\/v2\/users\/1775"}],"replies":[{"embeddable":true,"href":"https:\/\/linitiative.ca\/International\/wp-json\/wp\/v2\/comments?post=90199"}],"version-history":[{"count":0,"href":"https:\/\/linitiative.ca\/International\/wp-json\/wp\/v2\/posts\/90199\/revisions"}],"wp:attachment":[{"href":"https:\/\/linitiative.ca\/International\/wp-json\/wp\/v2\/media?parent=90199"}],"wp:term":[{"taxonomy":"category","embeddable":true,"href":"https:\/\/linitiative.ca\/International\/wp-json\/wp\/v2\/categories?post=90199"},{"taxonomy":"post_tag","embeddable":true,"href":"https:\/\/linitiative.ca\/International\/wp-json\/wp\/v2\/tags?post=90199"}],"curies":[{"name":"wp","href":"https:\/\/api.w.org\/{rel}","templated":true}]}}