{"id":90201,"date":"2020-06-26T11:11:55","date_gmt":"2020-06-26T15:11:55","guid":{"rendered":"https:\/\/linitiative.ca\/International\/covid-et-crise-economique-les-professionnels-du-cuir-et-de-la-chaussure-appellent-au-soutien-de-letat\/"},"modified":"2020-06-26T11:11:55","modified_gmt":"2020-06-26T15:11:55","slug":"covid-et-crise-economique-les-professionnels-du-cuir-et-de-la-chaussure-appellent-au-soutien-de-letat","status":"publish","type":"post","link":"https:\/\/linitiative.ca\/International\/covid-et-crise-economique-les-professionnels-du-cuir-et-de-la-chaussure-appellent-au-soutien-de-letat\/","title":{"rendered":"Covid et crise \u00e9conomique : Les professionnels du cuir et de la chaussure appellent au soutien de l\u2019Etat"},"content":{"rendered":"<p>Les repr\u00e9sentants des chambres nationales du cuir et de la chaussure ont revendiqu\u00e9 la n\u00e9cessit\u00e9 d\u2019apporter le soutien financier aux artisans sinistr\u00e9s suite \u00e0 la crise du coronavirus.<\/p>\n<p>Lors de la r\u00e9union jeudi du bureau ex\u00e9cutif de la f\u00e9d\u00e9ration nationale du cuir et de la chaussure au si\u00e8ge de l\u2019UTICA, les participants ont mis l\u2019accent sur l\u2019importance de la cr\u00e9ation d\u2019un fonds de soutien assurant l\u2019attribution de micro-cr\u00e9dits pour faire face \u00e0 la hausse du taux d\u2019endettement et l\u2019application des lois r\u00e9gissant l\u2019importation des chaussures et en particulier les chaussures utilis\u00e9es (friperie), l\u2019\u00e9talage anarchique et le commerce parall\u00e8le en plus de lutter contre les op\u00e9rations de contrebande qui ont augment\u00e9 avec l\u2019absence du contr\u00f4le. Cela a caus\u00e9 la fermeture de 30% des entreprises totalement exportatrices.<\/p>\n<p>Le secteur connait aussi, selon les donn\u00e9es de la f\u00e9d\u00e9ration, la fermeture de 20% des entreprises sp\u00e9cialis\u00e9es dans la fabrication d\u2019articles en cuir, du manque important des mati\u00e8res premi\u00e8res et du financement pour le paiement de la main d\u2019\u0153uvre et pour assurer la p\u00e9rennit\u00e9 des entreprises outre le non-respect des banques des circulaires de la Banque Centrale.<\/p>\n<p>Les participants ont fermement critiqu\u00e9 l\u2019Etat qui n\u2019a pas tenu ses promesses envers les entreprises sinistr\u00e9es \u00e0 cause de la pand\u00e9mie pour trouver les solutions aux probl\u00e8mes et difficult\u00e9s rencontr\u00e9s par ces entreprises en plus de pr\u00e9senter l\u2019aide n\u00e9cessaire pour pr\u00e9server les emplois dans ce secteur.<\/p>\n<div class=\"wp-post-author-wrap wp-post-author-shortcode left\">\n<h3 class=\"awpa-title\"\/>\n<div class=\"wp-post-author\">\n<div class=\"awpa-img awpa-author-block square\"><a href=\"http:\/\/lexpertjournal.net\/fr\/?author=5\"><img loading=\"lazy\" decoding=\"async\" alt=\"\" src=\"http:\/\/0.gravatar.com\/avatar\/97f8e10a1c1125ba104a76514ee07b16?s=150&amp;d=mm&amp;r=g\" srcset=\"http:\/\/0.gravatar.com\/avatar\/97f8e10a1c1125ba104a76514ee07b16?s=300&amp;d=mm&amp;r=g 2x\" class=\"avatar avatar-150 photo\" height=\"150\" width=\"150\"\/><\/a><\/div>\n<\/div>\n<\/div>\n<aside class=\"mashsb-container mashsb-main mashsb-stretched\">\n<\/aside>\n<p>Auteur: L&rsquo;expert<br \/>\n<a href=\"http:\/\/lexpertjournal.net\/fr\/?p=15507\">Cliquez ici pour lire l&rsquo;article depuis sa source.<\/a><\/p>\n","protected":false},"excerpt":{"rendered":"<p>Les repr\u00e9sentants des chambres nationales du cuir et de la chaussure ont revendiqu\u00e9 la n\u00e9cessit\u00e9 d\u2019apporter le soutien financier aux artisans sinistr\u00e9s suite \u00e0 la crise du coronavirus. Lors de la r\u00e9union jeudi du bureau ex\u00e9cutif de la f\u00e9d\u00e9ration nationale du cuir et de la chaussure au si\u00e8ge de l\u2019UTICA, les participants ont mis l\u2019accent [&hellip;]<\/p>\n","protected":false},"author":1775,"featured_media":0,"comment_status":"closed","ping_status":"closed","sticky":false,"template":"","format":"standard","meta":{"fifu_image_url":"","fifu_image_alt":"","footnotes":""},"categories":[78,55],"tags":[],"class_list":["post-90201","post","type-post","status-publish","format-standard","hentry","category-economie","category-tunisie"],"_links":{"self":[{"href":"https:\/\/linitiative.ca\/International\/wp-json\/wp\/v2\/posts\/90201","targetHints":{"allow":["GET"]}}],"collection":[{"href":"https:\/\/linitiative.ca\/International\/wp-json\/wp\/v2\/posts"}],"about":[{"href":"https:\/\/linitiative.ca\/International\/wp-json\/wp\/v2\/types\/post"}],"author":[{"embeddable":true,"href":"https:\/\/linitiative.ca\/International\/wp-json\/wp\/v2\/users\/1775"}],"replies":[{"embeddable":true,"href":"https:\/\/linitiative.ca\/International\/wp-json\/wp\/v2\/comments?post=90201"}],"version-history":[{"count":0,"href":"https:\/\/linitiative.ca\/International\/wp-json\/wp\/v2\/posts\/90201\/revisions"}],"wp:attachment":[{"href":"https:\/\/linitiative.ca\/International\/wp-json\/wp\/v2\/media?parent=90201"}],"wp:term":[{"taxonomy":"category","embeddable":true,"href":"https:\/\/linitiative.ca\/International\/wp-json\/wp\/v2\/categories?post=90201"},{"taxonomy":"post_tag","embeddable":true,"href":"https:\/\/linitiative.ca\/International\/wp-json\/wp\/v2\/tags?post=90201"}],"curies":[{"name":"wp","href":"https:\/\/api.w.org\/{rel}","templated":true}]}}