{"id":90204,"date":"2020-06-25T20:00:00","date_gmt":"2020-06-26T00:00:00","guid":{"rendered":"https:\/\/linitiative.ca\/International\/mohcine-belabbas-sera-finalement-auditionne-dimanche\/"},"modified":"2020-06-25T20:00:00","modified_gmt":"2020-06-26T00:00:00","slug":"mohcine-belabbas-sera-finalement-auditionne-dimanche","status":"publish","type":"post","link":"https:\/\/linitiative.ca\/International\/mohcine-belabbas-sera-finalement-auditionne-dimanche\/","title":{"rendered":"Mohcine Belabbas sera finalement auditionn\u00e9 dimanche"},"content":{"rendered":"<div id=\"originalText\" readability=\"52\">\n<p>Le pr\u00e9sident du rassemblement pour la culture et la d\u00e9mocratie (RCD), Mohcine Belabbas, a fait savoir, tard dans la soir\u00e9e de jeudi, sur sa page facebook, que deux gendarmes se sont pr\u00e9sent\u00e9s chez lui, pour l&rsquo;informer qu&rsquo; \u00ab\u00a0il ne sera pas finalement possible de l&rsquo;auditionner vendredi\u00a0\u00bb, comme mentionn\u00e9 dans la convocation qu&rsquo;il a re\u00e7u le jour m\u00eame, et qu&rsquo;il devra plut\u00f4t se pr\u00e9senter\u00a0dimanche dans les locaux de la gendarmerie nationale.\u00a0<\/p>\n<p>Mohcine Belabbas, redoutant que des \u00ab\u00a0chaines TV de propagande\u00a0\u00bb n&rsquo;exploitent ce changement pour faire croire \u00e0 l&rsquo;opinion publique qu&rsquo;il a \u00ab\u00a0refus\u00e9 de se pr\u00e9senter\u00a0\u00bb, a pr\u00e9cis\u00e9 dans le m\u00eame post facebook qu&rsquo;il a exig\u00e9 des deux gendarmes\u00a0une \u00ab\u00a0nouvelle convocation\u00a0\u00bb, mais qu&rsquo;ils n&rsquo;avaient aucun document officiel \u00e0 lui fournir, au motif qu&rsquo;il s&rsquo;agit d&rsquo;une \u00ab\u00a0situation d&rsquo;urgence\u00a0\u00bb.\u00a0<\/p>\n<p class=\"c6\"><strong>R\u00e9daction Web\u00a0<\/strong><\/p>\n<\/div>\n<div id=\"text_core\" readability=\"52\">\n<p>Le pr\u00e9sident du rassemblement pour la culture et la d\u00e9mocratie (RCD), Mohcine Belabbas, a fait savoir, tard dans la soir\u00e9e de jeudi, sur sa page facebook, que deux gendarmes se sont pr\u00e9sent\u00e9s chez lui, pour l&rsquo;informer qu&rsquo; \u00ab\u00a0il ne sera pas finalement possible de l&rsquo;auditionner vendredi\u00a0\u00bb, comme mentionn\u00e9 dans la convocation qu&rsquo;il a re\u00e7u le jour m\u00eame, et qu&rsquo;il devra plut\u00f4t se pr\u00e9senter\u00a0dimanche dans les locaux de la gendarmerie nationale.\u00a0<\/p>\n<p>Mohcine Belabbas, redoutant que des \u00ab\u00a0chaines TV de propagande\u00a0\u00bb n&rsquo;exploitent ce changement pour faire croire \u00e0 l&rsquo;opinion publique qu&rsquo;il a \u00ab\u00a0refus\u00e9 de se pr\u00e9senter\u00a0\u00bb, a pr\u00e9cis\u00e9 dans le m\u00eame post facebook qu&rsquo;il a exig\u00e9 des deux gendarmes\u00a0une \u00ab\u00a0nouvelle convocation\u00a0\u00bb, mais qu&rsquo;ils n&rsquo;avaient aucun document officiel \u00e0 lui fournir, au motif qu&rsquo;il s&rsquo;agit d&rsquo;une \u00ab\u00a0situation d&rsquo;urgence\u00a0\u00bb.\u00a0<\/p>\n<p class=\"c6\"><strong>R\u00e9daction Web\u00a0<\/strong><\/p>\n<\/div>\n<p>Auteur:<br \/>\n<a href=\"https:\/\/www.liberte-algerie.com\/actualite\/mohcine-belabbas-sera-finalement-auditionne-dimanche-340933\">Cliquez ici pour lire l&rsquo;article depuis sa source.<\/a><\/p>\n","protected":false},"excerpt":{"rendered":"<p>Le pr\u00e9sident du rassemblement pour la culture et la d\u00e9mocratie (RCD), Mohcine Belabbas, a fait savoir, tard dans la soir\u00e9e de jeudi, sur sa page facebook, que deux gendarmes se sont pr\u00e9sent\u00e9s chez lui, pour l&rsquo;informer qu&rsquo; \u00ab\u00a0il ne sera pas finalement possible de l&rsquo;auditionner vendredi\u00a0\u00bb, comme mentionn\u00e9 dans la convocation qu&rsquo;il a re\u00e7u le [&hellip;]<\/p>\n","protected":false},"author":1742,"featured_media":0,"comment_status":"closed","ping_status":"closed","sticky":false,"template":"","format":"standard","meta":{"fifu_image_url":"","fifu_image_alt":"","footnotes":""},"categories":[73,53],"tags":[],"class_list":["post-90204","post","type-post","status-publish","format-standard","hentry","category-actualite","category-algerie"],"_links":{"self":[{"href":"https:\/\/linitiative.ca\/International\/wp-json\/wp\/v2\/posts\/90204","targetHints":{"allow":["GET"]}}],"collection":[{"href":"https:\/\/linitiative.ca\/International\/wp-json\/wp\/v2\/posts"}],"about":[{"href":"https:\/\/linitiative.ca\/International\/wp-json\/wp\/v2\/types\/post"}],"author":[{"embeddable":true,"href":"https:\/\/linitiative.ca\/International\/wp-json\/wp\/v2\/users\/1742"}],"replies":[{"embeddable":true,"href":"https:\/\/linitiative.ca\/International\/wp-json\/wp\/v2\/comments?post=90204"}],"version-history":[{"count":0,"href":"https:\/\/linitiative.ca\/International\/wp-json\/wp\/v2\/posts\/90204\/revisions"}],"wp:attachment":[{"href":"https:\/\/linitiative.ca\/International\/wp-json\/wp\/v2\/media?parent=90204"}],"wp:term":[{"taxonomy":"category","embeddable":true,"href":"https:\/\/linitiative.ca\/International\/wp-json\/wp\/v2\/categories?post=90204"},{"taxonomy":"post_tag","embeddable":true,"href":"https:\/\/linitiative.ca\/International\/wp-json\/wp\/v2\/tags?post=90204"}],"curies":[{"name":"wp","href":"https:\/\/api.w.org\/{rel}","templated":true}]}}