{"id":90210,"date":"2020-06-26T10:44:54","date_gmt":"2020-06-26T14:44:54","guid":{"rendered":"https:\/\/linitiative.ca\/International\/rencontre-de-communication-sur-les-examens-du-baccalaureat\/"},"modified":"2020-06-26T10:44:54","modified_gmt":"2020-06-26T14:44:54","slug":"rencontre-de-communication-sur-les-examens-du-baccalaureat","status":"publish","type":"post","link":"https:\/\/linitiative.ca\/International\/rencontre-de-communication-sur-les-examens-du-baccalaureat\/","title":{"rendered":"Rencontre de communication sur les examens du baccalaur\u00e9at"},"content":{"rendered":"<div readability=\"39\">\n<p>Essaouira \u2013 La session ordinaire des examens du baccalaur\u00e9at, pr\u00e9vue en juillet prochain, a \u00e9t\u00e9 au centre d\u2019une rencontre de communication, jeudi \u00e0 Essaouira, entre la Direction Provinciale de l\u2019Education Nationale et les secr\u00e9taires provinciaux des syndicats de l\u2019enseignement les plus repr\u00e9sentatifs.<\/p>\n<\/div>\n<div readability=\"101\">\n<p>Tenue en pr\u00e9sence notamment, du Directeur Provincial de l\u2019Education Nationale, M. Nouredine El Aoufi Laghzaoui, du directeur du Centre provincial des examens et du responsable charg\u00e9 de la gestion du service des ressources humaines, cette r\u00e9union s\u2019inscrit dans le cadre de la gestion participative de la chose \u00e9ducative, pr\u00f4n\u00e9e par la Direction.<\/p>\n<p>Elle intervient \u00e9galement dans le sillage des pr\u00e9paratifs en cours pour assurer le bon d\u00e9roulement des \u00e9preuves du baccalaur\u00e9at.<\/p>\n<p>Lors de cette rencontre, les participants ont pass\u00e9 en revue les diff\u00e9rentes mesures organisationnelles et techniques inh\u00e9rentes au d\u00e9roulement des examens du baccalaur\u00e9at, ainsi que les dispositifs d\u2019accompagnement et de pr\u00e9vention pour contenir la propagation de la pand\u00e9mie du Covid-19.<\/p>\n<p>Cette r\u00e9union a \u00e9t\u00e9 \u00e9galement l\u2019occasion pour les partenaires sociaux de pr\u00e9senter leurs observations et suggestions, notamment celles ayant trait \u00e0 la gestion des diff\u00e9rentes op\u00e9rations et mesures en lien avec cette importante \u00e9ch\u00e9ance nationale.<\/p>\n<p>A rappeler qu\u2019un total de 3.641 candidats passeront la session ordinaire de l\u2019examen national unifi\u00e9 du Baccalaur\u00e9at au titre de l\u2019ann\u00e9e scolaire 2019-2020, au niveau de la province d\u2019Essaouira.<\/p>\n<p>Le nombre des candidats scolaris\u00e9s (filles et gar\u00e7ons) se chiffre \u00e0 2.977 \u00e9l\u00e8ves, alors que celui des candidats libres s\u2019\u00e9tablit \u00e0 664.<\/p>\n<p>En vue d\u2019assurer le bon d\u00e9roulement des \u00e9preuves du Baccalaur\u00e9at, la Direction Provinciale a aussi annonc\u00e9 avoir entrepris une batterie de mesures, dont la mobilisation et l\u2019am\u00e9nagement de 16 centres d\u2019examens.<\/p>\n<p>Vu que les \u00e9preuves du Baccalaur\u00e9at de cette ann\u00e9e interviennent dans des circonstances tr\u00e8s particuli\u00e8res, induites par la propagation de la pand\u00e9mie du Covid-19, la Direction Provinciale de l\u2019Education Nationale \u00e0 Essaouira a pris, en coordination avec les autorit\u00e9s comp\u00e9tentes, une panoplie de mesures pr\u00e9ventives, sanitaires et organisationnelles, pour lutter contre la pand\u00e9mie du nouveau coronavirus et assurer le d\u00e9roulement, dans les meilleures conditions, de ces examens en cette conjoncture exceptionnelle.<\/p>\n<p>L\u2019ensemble de ces dispositions ont \u00e9t\u00e9 prises conform\u00e9ment aux directives \u00e9mises par le minist\u00e8re de l\u2019Education Nationale, au dispositif organisationnel et aux diff\u00e9rentes mesures contenues dans le protocole sanitaire ainsi qu\u2019au guide des proc\u00e9dures relatif \u00e0 la gestion des examens du Baccalaur\u00e9at, le but \u00e9tant de garantir la s\u00e9curit\u00e9 sanitaire des candidats, des corps enseignant, p\u00e9dagogique et administratif et de l\u2019ensemble des intervenants et parties concern\u00e9es par cette importante \u00e9ch\u00e9ance nationale.<\/p>\n<p>Ces mesures concernent, entre autres, la multiplication du nombre des centres d\u2019examen afin de r\u00e9duire \u00e0 10 le nombre de candidats dans chaque classe, la d\u00e9sinfection globale et r\u00e9guli\u00e8re de ces centres et l\u2019organisation de l\u2019acc\u00e8s \u00e0 leurs d\u00e9pendances, le respect strict de la distanciation physique, ainsi que la mise \u00e0 la disposition des candidats de masques de protection et de gels hydroalcooliques.<\/p>\n<\/div>\n<p>Auteur: Meriem IGASS<br \/>\n<a href=\"http:\/\/www.mapmarrakech.ma\/fr\/rencontre-de-communication-sur-les-examens-du-baccalaureat\/\">Cliquez ici pour lire l&rsquo;article depuis sa source.<\/a><\/p>\n","protected":false},"excerpt":{"rendered":"<p>Essaouira \u2013 La session ordinaire des examens du baccalaur\u00e9at, pr\u00e9vue en juillet prochain, a \u00e9t\u00e9 au centre d\u2019une rencontre de communication, jeudi \u00e0 Essaouira, entre la Direction Provinciale de l\u2019Education Nationale et les secr\u00e9taires provinciaux des syndicats de l\u2019enseignement les plus repr\u00e9sentatifs. Tenue en pr\u00e9sence notamment, du Directeur Provincial de l\u2019Education Nationale, M. Nouredine El [&hellip;]<\/p>\n","protected":false},"author":1788,"featured_media":0,"comment_status":"closed","ping_status":"closed","sticky":false,"template":"","format":"standard","meta":{"fifu_image_url":"","fifu_image_alt":"","footnotes":""},"categories":[54,76],"tags":[],"class_list":["post-90210","post","type-post","status-publish","format-standard","hentry","category-maroc","category-regions"],"_links":{"self":[{"href":"https:\/\/linitiative.ca\/International\/wp-json\/wp\/v2\/posts\/90210","targetHints":{"allow":["GET"]}}],"collection":[{"href":"https:\/\/linitiative.ca\/International\/wp-json\/wp\/v2\/posts"}],"about":[{"href":"https:\/\/linitiative.ca\/International\/wp-json\/wp\/v2\/types\/post"}],"author":[{"embeddable":true,"href":"https:\/\/linitiative.ca\/International\/wp-json\/wp\/v2\/users\/1788"}],"replies":[{"embeddable":true,"href":"https:\/\/linitiative.ca\/International\/wp-json\/wp\/v2\/comments?post=90210"}],"version-history":[{"count":0,"href":"https:\/\/linitiative.ca\/International\/wp-json\/wp\/v2\/posts\/90210\/revisions"}],"wp:attachment":[{"href":"https:\/\/linitiative.ca\/International\/wp-json\/wp\/v2\/media?parent=90210"}],"wp:term":[{"taxonomy":"category","embeddable":true,"href":"https:\/\/linitiative.ca\/International\/wp-json\/wp\/v2\/categories?post=90210"},{"taxonomy":"post_tag","embeddable":true,"href":"https:\/\/linitiative.ca\/International\/wp-json\/wp\/v2\/tags?post=90210"}],"curies":[{"name":"wp","href":"https:\/\/api.w.org\/{rel}","templated":true}]}}