{"id":90219,"date":"2020-06-25T15:58:31","date_gmt":"2020-06-25T19:58:31","guid":{"rendered":"https:\/\/linitiative.ca\/International\/431-nouveaux-cas-confirmes-et-32-guerisons-au-maroc-en-24h\/"},"modified":"2020-06-25T15:58:31","modified_gmt":"2020-06-25T19:58:31","slug":"431-nouveaux-cas-confirmes-et-32-guerisons-au-maroc-en-24h","status":"publish","type":"post","link":"https:\/\/linitiative.ca\/International\/431-nouveaux-cas-confirmes-et-32-guerisons-au-maroc-en-24h\/","title":{"rendered":"431 nouveaux cas confirm\u00e9s et 32 gu\u00e9risons au Maroc en 24H"},"content":{"rendered":"<p class=\"c4\">Un total de 431 nouveaux cas d\u2019infection au coronavirus (Covid-19) et 32 gu\u00e9risons ont \u00e9t\u00e9 enregistr\u00e9s au Maroc au cours des derni\u00e8res 24H, a annonc\u00e9 jeudi le minist\u00e8re de Sant\u00e9.<\/p>\n<p class=\"c4\">Ce nouveau bilan porte \u00e0 11.338 le nombre de contaminations dans le Royaume depuis le premier cas signal\u00e9 le 2 mars dernier et \u00e0 8.500 le nombre des personnes totalement r\u00e9tablies, soit un taux de gu\u00e9rison de 75%, a pr\u00e9cis\u00e9 Hind Ezzine, cheffe du service des maladies \u00e9pid\u00e9miques \u00e0 la Direction de l\u2019\u00e9pid\u00e9miologie relevant du minist\u00e8re de la sant\u00e9.<\/p>\n<p class=\"c4\">Le nombre des d\u00e9c\u00e8s s\u2019\u00e9l\u00e8ve \u00e0 217, apr\u00e8s l\u2019annonce d\u2019un nouveau cas au cours des derni\u00e8res 24 heures, a-t-elle ajout\u00e9, faisant savoir que le taux de l\u00e9talit\u00e9 a atteint 1,9%.<\/p>\n<p class=\"c4\">S\u2019agissant des cas actifs, la responsable a relev\u00e9 que 2.621 patients sont actuellement sous traitement ou font l\u2019objet de suivi m\u00e9dical, ajoutant que le nombre de cas graves et critiques a atteint 19.<\/p>\n<p class=\"c4\">Le nombre des cas exclus se chiffre \u00e0 595.081, apr\u00e8s l\u2019enregistrement de 14.231 r\u00e9sultats n\u00e9gatifs d\u2019analyses effectu\u00e9es au laboratoire ces derni\u00e8res 24H.<\/p>\n<p class=\"c4\">Les nouvelles contaminations se concentrent dans les r\u00e9gions de La\u00e2youne-Sakia El Hamra, qui a recens\u00e9 46 nouveaux cas dans la ville de La\u00e2youne, Casablanca-Settat, avec 34 nouveaux cas (dont 25 \u00e0 Casablanca, 6 \u00e0 Sidi Bennour et 3 \u00e0 Mohammedia), Marrakech-Safi, avec 34 nouveaux cas (dont 17 \u00e0 Marrakech et 17 \u00e0 Safi) et Tanger-T\u00e9touan-Al Hoceima (168 nouveaux cas, dont 129 \u00e0 Tanger, 7 \u00e0 T\u00e9touan, 26 \u00e0 Larache et 6 \u00e0 Fahs Anjra).<\/p>\n<p class=\"c4\">Il s\u2019agit aussi des r\u00e9gions de Rabat-Sal\u00e9-K\u00e9nitra (137 cas, tous dans un cluster professionnel), Beni Mellal-Khenifra (5 cas \u00e0 Fkih Ben Salah) et F\u00e8s-Mekn\u00e8s (7 nouveaux cas dans la ville de F\u00e8s).<\/p>\n<p class=\"c4\">Les r\u00e9gions de Dakhla-Oued Eddahab, de Guelmim-Oued Noun, de l\u2019Oriental, de Souss-Massa et de Dr\u00e2a-Tafilalet n\u2019ont enregistr\u00e9 aucun nouveau cas de coronavirus ces derni\u00e8res 24H, a-t-elle pr\u00e9cis\u00e9.<\/p>\n<p class=\"c4\">\u00c9voquant le syst\u00e8me de suivi des personnes contacts, la responsable a signal\u00e9 que leur nombre a actuellement atteint 62.911 et que 7.894 font toujours l\u2019objet de suivi m\u00e9dical.<\/p>\n<p class=\"c4\">La responsable a, en outre, not\u00e9 que l\u2019augmentation du nombre de cas appelle \u00e0 plus de respect des mesures de pr\u00e9vention individuelles et collectives et \u00e0 l\u2019int\u00e9rieur des milieux professionnels, rappelant \u00e0 cet effet les mesures pr\u00e9ventives, notamment la salubrit\u00e9 publique, le lavage constant des mains, la distanciation sociale, les gestes barri\u00e8res, le port correct du masque de protection, ainsi que le t\u00e9l\u00e9chargement de l\u2019application \u00ab\u00a0wiqaytna\u00a0\u00bb et son utilisation \u00e0 bon escient.<\/p>\n<p class=\"c4\">Le minist\u00e8re de la Sant\u00e9 invite les citoyens \u00e0 respecter les r\u00e8gles d\u2019hygi\u00e8ne et de s\u00e9curit\u00e9 sanitaire, ainsi que les mesures pr\u00e9ventives prises par les autorit\u00e9s marocaines, en faisant preuve de responsabilit\u00e9 et de patriotisme.<\/p>\n<p class=\"c4\">De m\u00eame, le minist\u00e8re appelle au respect des mesures sanitaires dans les lieux de travail, notamment le lavage fr\u00e9quent des mains, le port du masque de protection, le respect de la distanciation sociale et l\u2019a\u00e9ration naturelle des locaux de travail, incitant les employeurs \u00e0 sensibiliser leurs salari\u00e9s et \u00e0 veiller \u00e0 l\u2019hygi\u00e8ne des lieux de travail.<\/p>\n<p>Auteur: Soufiane ELAHMAR<br \/>\n<a href=\"http:\/\/www.mapoujda.ma\/fr\/431-nouveaux-cas-confirmes-et-32-guerisons-au-maroc-en-24h\/\">Cliquez ici pour lire l&rsquo;article depuis sa source.<\/a><\/p>\n","protected":false},"excerpt":{"rendered":"<p>Un total de 431 nouveaux cas d\u2019infection au coronavirus (Covid-19) et 32 gu\u00e9risons ont \u00e9t\u00e9 enregistr\u00e9s au Maroc au cours des derni\u00e8res 24H, a annonc\u00e9 jeudi le minist\u00e8re de Sant\u00e9. Ce nouveau bilan porte \u00e0 11.338 le nombre de contaminations dans le Royaume depuis le premier cas signal\u00e9 le 2 mars dernier et \u00e0 8.500 [&hellip;]<\/p>\n","protected":false},"author":1788,"featured_media":0,"comment_status":"closed","ping_status":"closed","sticky":false,"template":"","format":"standard","meta":{"fifu_image_url":"","fifu_image_alt":"","footnotes":""},"categories":[54,76],"tags":[],"class_list":["post-90219","post","type-post","status-publish","format-standard","hentry","category-maroc","category-regions"],"_links":{"self":[{"href":"https:\/\/linitiative.ca\/International\/wp-json\/wp\/v2\/posts\/90219","targetHints":{"allow":["GET"]}}],"collection":[{"href":"https:\/\/linitiative.ca\/International\/wp-json\/wp\/v2\/posts"}],"about":[{"href":"https:\/\/linitiative.ca\/International\/wp-json\/wp\/v2\/types\/post"}],"author":[{"embeddable":true,"href":"https:\/\/linitiative.ca\/International\/wp-json\/wp\/v2\/users\/1788"}],"replies":[{"embeddable":true,"href":"https:\/\/linitiative.ca\/International\/wp-json\/wp\/v2\/comments?post=90219"}],"version-history":[{"count":0,"href":"https:\/\/linitiative.ca\/International\/wp-json\/wp\/v2\/posts\/90219\/revisions"}],"wp:attachment":[{"href":"https:\/\/linitiative.ca\/International\/wp-json\/wp\/v2\/media?parent=90219"}],"wp:term":[{"taxonomy":"category","embeddable":true,"href":"https:\/\/linitiative.ca\/International\/wp-json\/wp\/v2\/categories?post=90219"},{"taxonomy":"post_tag","embeddable":true,"href":"https:\/\/linitiative.ca\/International\/wp-json\/wp\/v2\/tags?post=90219"}],"curies":[{"name":"wp","href":"https:\/\/api.w.org\/{rel}","templated":true}]}}