{"id":90220,"date":"2020-06-25T17:30:49","date_gmt":"2020-06-25T21:30:49","guid":{"rendered":"https:\/\/linitiative.ca\/International\/e-learning-distribution-de-470-tablettes-aux-eleves\/"},"modified":"2020-06-25T17:30:49","modified_gmt":"2020-06-25T21:30:49","slug":"e-learning-distribution-de-470-tablettes-aux-eleves","status":"publish","type":"post","link":"https:\/\/linitiative.ca\/International\/e-learning-distribution-de-470-tablettes-aux-eleves\/","title":{"rendered":"E-learning : Distribution de 470 tablettes aux \u00e9l\u00e8ves"},"content":{"rendered":"<p class=\"c4\">L\u2019Acad\u00e9mie r\u00e9gionale de l\u2019\u00e9ducation et de la formation (AREF) de l\u2019Oriental a proc\u00e9d\u00e9, avec le soutien de l\u2019UNICEF, \u00e0 l\u2019acquisition et la distribution de 470 tablettes tactiles pour encourager les \u00e9l\u00e8ves b\u00e9n\u00e9ficiaires \u00e0 poursuivre leurs \u00e9tudes \u00e0 distance.<\/p>\n<p class=\"c4\">Cette op\u00e9ration a \u00e9t\u00e9 men\u00e9e dans la droite ligne des efforts d\u00e9ploy\u00e9s pour att\u00e9nuer les effets de la pand\u00e9mie du coronavirus (Covid-19) et dans le cadre de la mise en \u0153uvre du programme de coop\u00e9ration entre l\u2019AREF de l\u2019Oriental et le Fonds des Nations unies pour l\u2019enfance (UNICEF).<\/p>\n<p class=\"c4\">Selon des explications de l\u2019AREF, la distribution de ces outils informatiques aux \u00e9l\u00e8ves de la 6\u00e8me ann\u00e9e de l\u2019enseignement primaire relevant des provinces de Jereda, Taourirt et Guercif, a pour objectif de garantir la continuit\u00e9 p\u00e9dagogique et de consacrer le principe d\u2019\u00e9quit\u00e9 et d\u2019\u00e9galit\u00e9 des chances entre les \u00e9l\u00e8ves.<\/p>\n<p class=\"c4\">Ces tablettes permettent et facilitent aux \u00e9l\u00e8ves b\u00e9n\u00e9ficiaires l\u2019acc\u00e8s notamment \u00e0 la plateforme d\u2019apprentissage et de soutien \u00e0 distance TelmidTICE du minist\u00e8re de l\u2019Education nationale et aux cours diffus\u00e9s sur des cha\u00eenes de t\u00e9l\u00e9vision nationales, ajoute la m\u00eame source.<\/p>\n<p class=\"c4\">La distribution des tablettes aux \u00e9l\u00e8ves des \u00e9coles couvertes par le programme de coop\u00e9ration avec l\u2019UNICEF a \u00e9t\u00e9 effectu\u00e9e en coordination avec les autorit\u00e9s locales et dans le strict respect des crit\u00e8res et des normes sanitaires impos\u00e9s par l\u2019\u00e9tat d\u2019urgence sanitaire visant \u00e0 faire face \u00e0 la propagation du nouveau Coronavirus.<\/p>\n<p class=\"c4\">L\u2019op\u00e9ration de distribution a ob\u00e9i \u00e0 un ensemble de conditions bien d\u00e9finies avec une priorit\u00e9 aux \u00e9l\u00e8ves du monde rural et ceux en situation d\u2019handicap, et ce dans le souci de r\u00e9duire les disparit\u00e9s entre les familles disposant des moyens pour s\u2019offrir les \u00e9quipements n\u00e9cessaires pour poursuivre les cours \u00e0 distance et celles qui n\u2019en ont pas, a expliqu\u00e9 le coordonnateur du programme de coop\u00e9ration avec l\u2019Unicef dans l\u2019Oriental, Faouzi Mohamed Lakssiyar.<\/p>\n<p class=\"c4\">L\u2019objectif est de garantir la continuit\u00e9 p\u00e9dagogique et \u00e9viter les retomb\u00e9es n\u00e9gatives de toute interruption des \u00e9tudes, a-t-il soulign\u00e9 dans une d\u00e9claration \u00e0 la MAP, faisant savoir que les 470 tablettes ont \u00e9t\u00e9 remises aux \u00e9l\u00e8ves de la 6\u00e8me ann\u00e9e du primaire r\u00e9pondant aux crit\u00e8res pr\u00e9\u00e9tablis au niveau des directions provinciales de l\u2019Education nationale de Guercif (180 b\u00e9n\u00e9ficiaires), Taourirt (140) et Jerada (150).<\/p>\n<p>Auteur: Soufiane ELAHMAR<br \/>\n<a href=\"http:\/\/www.mapoujda.ma\/fr\/e-learning-distribution-de-470-tablettes-aux-eleves\/\">Cliquez ici pour lire l&rsquo;article depuis sa source.<\/a><\/p>\n","protected":false},"excerpt":{"rendered":"<p>L\u2019Acad\u00e9mie r\u00e9gionale de l\u2019\u00e9ducation et de la formation (AREF) de l\u2019Oriental a proc\u00e9d\u00e9, avec le soutien de l\u2019UNICEF, \u00e0 l\u2019acquisition et la distribution de 470 tablettes tactiles pour encourager les \u00e9l\u00e8ves b\u00e9n\u00e9ficiaires \u00e0 poursuivre leurs \u00e9tudes \u00e0 distance. Cette op\u00e9ration a \u00e9t\u00e9 men\u00e9e dans la droite ligne des efforts d\u00e9ploy\u00e9s pour att\u00e9nuer les effets de [&hellip;]<\/p>\n","protected":false},"author":1788,"featured_media":0,"comment_status":"closed","ping_status":"closed","sticky":false,"template":"","format":"standard","meta":{"fifu_image_url":"","fifu_image_alt":"","footnotes":""},"categories":[54,76],"tags":[],"class_list":["post-90220","post","type-post","status-publish","format-standard","hentry","category-maroc","category-regions"],"_links":{"self":[{"href":"https:\/\/linitiative.ca\/International\/wp-json\/wp\/v2\/posts\/90220","targetHints":{"allow":["GET"]}}],"collection":[{"href":"https:\/\/linitiative.ca\/International\/wp-json\/wp\/v2\/posts"}],"about":[{"href":"https:\/\/linitiative.ca\/International\/wp-json\/wp\/v2\/types\/post"}],"author":[{"embeddable":true,"href":"https:\/\/linitiative.ca\/International\/wp-json\/wp\/v2\/users\/1788"}],"replies":[{"embeddable":true,"href":"https:\/\/linitiative.ca\/International\/wp-json\/wp\/v2\/comments?post=90220"}],"version-history":[{"count":0,"href":"https:\/\/linitiative.ca\/International\/wp-json\/wp\/v2\/posts\/90220\/revisions"}],"wp:attachment":[{"href":"https:\/\/linitiative.ca\/International\/wp-json\/wp\/v2\/media?parent=90220"}],"wp:term":[{"taxonomy":"category","embeddable":true,"href":"https:\/\/linitiative.ca\/International\/wp-json\/wp\/v2\/categories?post=90220"},{"taxonomy":"post_tag","embeddable":true,"href":"https:\/\/linitiative.ca\/International\/wp-json\/wp\/v2\/tags?post=90220"}],"curies":[{"name":"wp","href":"https:\/\/api.w.org\/{rel}","templated":true}]}}