{"id":90229,"date":"2020-06-26T12:00:47","date_gmt":"2020-06-26T16:00:47","guid":{"rendered":"https:\/\/linitiative.ca\/International\/ghaylan-chaalali-seloigne-du-zamalek\/"},"modified":"2020-06-26T12:00:47","modified_gmt":"2020-06-26T16:00:47","slug":"ghaylan-chaalali-seloigne-du-zamalek","status":"publish","type":"post","link":"https:\/\/linitiative.ca\/International\/ghaylan-chaalali-seloigne-du-zamalek\/","title":{"rendered":"Ghaylan Chaalali s&rsquo;\u00e9loigne du Zamalek !"},"content":{"rendered":"<p class=\"p1 c3\"><span class=\"c2\"><strong>C&rsquo;est maintenant quasiment acquis: Hamza Methlouthi<span class=\"Apple-converted-space\">\u00a0<\/span> au Zamalek pour trois saisons et l&rsquo;annonce de la nouvelle de son recrutement se fera ult\u00e9rieurement par par les responsables du club cairote.<span class=\"Apple-converted-space\">\u00a0<\/span> Mortada Mansour a indiqu\u00e9 hier dans une intervention t\u00e9l\u00e9vis\u00e9e que les nouvelles recrues du club (entendez par l\u00e0 l&rsquo;attaquant angolais Arry Pabel et Le lat\u00e9ral droit tunisien Hamza Methlouthi) ne sont pas autoris\u00e9s \u00e0 r\u00e9v\u00e9l\u00e9 a leur recrutement aux m\u00e9dias, autrement ils s&rsquo;exposeraient \u00e0 une sanction financi\u00e8re.<\/strong><\/span><\/p>\n<p class=\"p1 c3\"><span class=\"c2\"><strong>Il y a lieu d&rsquo;indiquer aussi que, selon des sources proches de la \u00ab\u00a0Citadelle Blanche\u00a0\u00bb les chances de voir<span class=\"Apple-converted-space\">\u00a0<\/span> Ghaylen Chaalali \u00e9voluer \u00e0 partir de la prochaine saison sous la casque zamalkaouie sont pratiquement nulles.<span class=\"Apple-converted-space\">\u00a0<\/span><\/strong><\/span><\/p>\n<p class=\"p2 c4\">\u00a0<\/p>\n<p class=\"p3 c5\"><span class=\"c2\"><strong>Mortada Mansour:<\/strong><\/span><\/p>\n<p class=\"p3 c5\"><span class=\"c2\"><strong>\u00abA Carteron de d\u00e9cider si l&rsquo;on doit ou non reprendre le championnat\u00bb<\/strong><\/span><\/p>\n<p class=\"p1 c3\"><span class=\"c2\"><strong>Le pr\u00e9sident du club Mortada Mnasour qui s&rsquo;opposait \u00e0 la reprise du championnat afin d&rsquo;\u00e9pargner aux responsables des<span class=\"Apple-converted-space\">\u00a0<\/span> clubs et aux joueurs le risque de la contamination par le covid 19 a mis la balle dans le camp <span class=\"Apple-converted-space\">\u00a0<\/span> l&rsquo;entra\u00eeneur Patrice Carteron &lsquo; C&rsquo;est \u00e0 lui de d\u00e9cider si nous devons ou non reprendre le championnat&rsquo; a-t-il remarqu\u00e9 \u00e0 cet \u00e9gard.<span class=\"Apple-converted-space\">\u00a0<\/span><\/strong><\/span><\/p>\n<p class=\"p1 c3\"><span class=\"c2\"><strong>Le gouvernement a d\u00e9cid\u00e9 en d\u00e9but de semaine la reprise de toutes les comp\u00e9titions sportives, interrompues depuis mi-mars dernier \u00e0 cause de la pand\u00e9mie du coronavirus.<span class=\"Apple-converted-space\">\u00a0<\/span><\/strong><\/span><\/p>\n<p class=\"p1 c3\"><span class=\"c2\"><strong>La date de la reprise du championnat \u00e9gyptien qui a \u00e9t\u00e9 fix\u00e9e, dans un premier temps au 25 juillet, a \u00e9t\u00e9 finalement report\u00e9e, sur recommandation des entra\u00eeneurs des clubs, pour la premi\u00e8re semaine du mois d&rsquo;ao\u00fbt. &lsquo; Apr\u00e8s plus de trois mois de repos,<span class=\"Apple-converted-space\">\u00a0<\/span><\/strong><\/span><\/p>\n<p class=\"p1 c3\"><span class=\"c2\"><strong>Il nous faut au moins six semaines de pr\u00e9paration afin de faire \u00e9viter aux joueurs d&rsquo;\u00e9ventuelles complications&rsquo; ont indiqu\u00e9 les diff\u00e9rents staffs techniques des clubs \u00e9gyptiens. <span class=\"Apple-converted-space\">\u00a0<\/span> Pour terminer; notons qu&rsquo;il reste encore 18 journ\u00e9es \u00e0 disputer dans le championnat \u00e9gyptien et que pour pouvoir le boucler avant la deuxi\u00e8me moiti\u00e9 du mois d&rsquo;octobre, il devrait se d\u00e9rouler au rythme de deux matches par semaine.<span class=\"Apple-converted-space\">\u00a0<\/span><\/strong><\/span><\/p>\n<p class=\"p1 c3\"><span class=\"c2\"><strong>Pareil rythme est de nature \u00e0 exposer les joueurs aux risques des blessures \u00e0 l&rsquo;instar de ce qui s&rsquo;est produit au Bundesliga<span class=\"Apple-converted-space\">\u00a0<\/span> allemande.<\/strong><\/span><\/p>\n<p class=\"p4 c6\"><span class=\"c2\"><strong>Ameur KERKENNI<\/strong><\/span><\/p>\n<p>Auteur: letemps1<br \/>\n<a href=\"http:\/\/www.letemps.com.tn\/article\/115159\/ghaylan-chaalali-s%C3%A9loigne-du-zamalek\">Cliquez ici pour lire l&rsquo;article depuis sa source.<\/a><\/p>\n","protected":false},"excerpt":{"rendered":"<p>C&rsquo;est maintenant quasiment acquis: Hamza Methlouthi\u00a0 au Zamalek pour trois saisons et l&rsquo;annonce de la nouvelle de son recrutement se fera ult\u00e9rieurement par par les responsables du club cairote.\u00a0 Mortada Mansour a indiqu\u00e9 hier dans une intervention t\u00e9l\u00e9vis\u00e9e que les nouvelles recrues du club (entendez par l\u00e0 l&rsquo;attaquant angolais Arry Pabel et Le lat\u00e9ral droit [&hellip;]<\/p>\n","protected":false},"author":1773,"featured_media":0,"comment_status":"closed","ping_status":"closed","sticky":false,"template":"","format":"standard","meta":{"fifu_image_url":"","fifu_image_alt":"","footnotes":""},"categories":[73,55],"tags":[],"class_list":["post-90229","post","type-post","status-publish","format-standard","hentry","category-actualite","category-tunisie"],"_links":{"self":[{"href":"https:\/\/linitiative.ca\/International\/wp-json\/wp\/v2\/posts\/90229","targetHints":{"allow":["GET"]}}],"collection":[{"href":"https:\/\/linitiative.ca\/International\/wp-json\/wp\/v2\/posts"}],"about":[{"href":"https:\/\/linitiative.ca\/International\/wp-json\/wp\/v2\/types\/post"}],"author":[{"embeddable":true,"href":"https:\/\/linitiative.ca\/International\/wp-json\/wp\/v2\/users\/1773"}],"replies":[{"embeddable":true,"href":"https:\/\/linitiative.ca\/International\/wp-json\/wp\/v2\/comments?post=90229"}],"version-history":[{"count":0,"href":"https:\/\/linitiative.ca\/International\/wp-json\/wp\/v2\/posts\/90229\/revisions"}],"wp:attachment":[{"href":"https:\/\/linitiative.ca\/International\/wp-json\/wp\/v2\/media?parent=90229"}],"wp:term":[{"taxonomy":"category","embeddable":true,"href":"https:\/\/linitiative.ca\/International\/wp-json\/wp\/v2\/categories?post=90229"},{"taxonomy":"post_tag","embeddable":true,"href":"https:\/\/linitiative.ca\/International\/wp-json\/wp\/v2\/tags?post=90229"}],"curies":[{"name":"wp","href":"https:\/\/api.w.org\/{rel}","templated":true}]}}