{"id":90230,"date":"2020-06-26T12:01:46","date_gmt":"2020-06-26T16:01:46","guid":{"rendered":"https:\/\/linitiative.ca\/International\/vers-la-recuperation-de-firas-aifia\/"},"modified":"2020-06-26T12:01:46","modified_gmt":"2020-06-26T16:01:46","slug":"vers-la-recuperation-de-firas-aifia","status":"publish","type":"post","link":"https:\/\/linitiative.ca\/International\/vers-la-recuperation-de-firas-aifia\/","title":{"rendered":"Vers la r\u00e9cup\u00e9ration de Firas Aifia"},"content":{"rendered":"<p class=\"p1 c3\"><span class=\"c2\"><strong>Pr\u00eat\u00e9 \u00e0 son club d\u2019origine l\u2019OB et ayant \u00e9t\u00e9 l\u2019un principaux artisans de son retour en Ligue 1, Firas Aifia serait sur le point de r\u00e9endosser le maillot de l\u2019Etoile \u00e0 partir de la prochaine saison. Les dirigeants \u00e9toil\u00e9s semblent convaincus de la valeur ind\u00e9niable de l\u2019international olympique et r\u00e9solus \u00e0 lui donner pleinement confiance lors de la prochaine \u00e9tape, d\u2019autant plus qu\u2019il fera partie d\u2019un contingent de jeunes talents faisant partie pratiquement de la m\u00eame g\u00e9n\u00e9ration.<\/strong><\/span><\/p>\n<p class=\"p2 c4\">\u00a0<\/p>\n<p class=\"p3 c5\"><span class=\"c2\"><strong>Jacques Mb\u00e9 r\u00e9int\u00e8gre<span class=\"Apple-converted-space\">\u00a0<\/span><\/strong><\/span><\/p>\n<p class=\"p3 c5\"><span class=\"c2\"><strong>le groupe<\/strong><\/span><\/p>\n<p class=\"p1 c3\"><span class=\"c2\"><strong>Il s\u2019agit d\u2019un international olympique camerounais \u00e2g\u00e9 de 21ans occupant le poste de milieu d\u00e9fensif et recrut\u00e9 depuis 2017, mais qui n\u2019a jamais eu sa chance avec l\u2019\u00e9quipe fanion et jouant par intermittence avec la cat\u00e9gorie Elite.<\/strong><\/span><\/p>\n<p class=\"p1 c3\"><span class=\"c2\"><strong>Il peut enfin entrevoir le bout du tunnel, puisque les responsables \u00e9toil\u00e9s se sont r\u00e9solus \u00e0 le convoquer pour reprendre les entrainements avec l\u2019\u00e9quipe premi\u00e8re \u00ab New-look \u00bb afin de pouvoir faire valoir ses qualit\u00e9s.<span class=\"Apple-converted-space\">\u00a0<\/span><\/strong><\/span><\/p>\n<p class=\"p1 c3\"><span class=\"c2\"><strong>On pr\u00eate au jeune camerounais sa finesse technique remarquable pour un milieu d\u00e9fensif et son intelligence en termes de placement et de lecture tactique du jeu.<\/strong><\/span><\/p>\n<p class=\"p4 c6\"><span class=\"c2\"><strong>Hatem REGAIEG<\/strong><\/span><\/p>\n<p>Auteur: letemps1<br \/>\n<a href=\"http:\/\/www.letemps.com.tn\/article\/115160\/vers-la-r%C3%A9cup%C3%A9ration-de-firas-aifia\">Cliquez ici pour lire l&rsquo;article depuis sa source.<\/a><\/p>\n","protected":false},"excerpt":{"rendered":"<p>Pr\u00eat\u00e9 \u00e0 son club d\u2019origine l\u2019OB et ayant \u00e9t\u00e9 l\u2019un principaux artisans de son retour en Ligue 1, Firas Aifia serait sur le point de r\u00e9endosser le maillot de l\u2019Etoile \u00e0 partir de la prochaine saison. Les dirigeants \u00e9toil\u00e9s semblent convaincus de la valeur ind\u00e9niable de l\u2019international olympique et r\u00e9solus \u00e0 lui donner pleinement confiance [&hellip;]<\/p>\n","protected":false},"author":1773,"featured_media":0,"comment_status":"closed","ping_status":"closed","sticky":false,"template":"","format":"standard","meta":{"fifu_image_url":"","fifu_image_alt":"","footnotes":""},"categories":[73,55],"tags":[],"class_list":["post-90230","post","type-post","status-publish","format-standard","hentry","category-actualite","category-tunisie"],"_links":{"self":[{"href":"https:\/\/linitiative.ca\/International\/wp-json\/wp\/v2\/posts\/90230","targetHints":{"allow":["GET"]}}],"collection":[{"href":"https:\/\/linitiative.ca\/International\/wp-json\/wp\/v2\/posts"}],"about":[{"href":"https:\/\/linitiative.ca\/International\/wp-json\/wp\/v2\/types\/post"}],"author":[{"embeddable":true,"href":"https:\/\/linitiative.ca\/International\/wp-json\/wp\/v2\/users\/1773"}],"replies":[{"embeddable":true,"href":"https:\/\/linitiative.ca\/International\/wp-json\/wp\/v2\/comments?post=90230"}],"version-history":[{"count":0,"href":"https:\/\/linitiative.ca\/International\/wp-json\/wp\/v2\/posts\/90230\/revisions"}],"wp:attachment":[{"href":"https:\/\/linitiative.ca\/International\/wp-json\/wp\/v2\/media?parent=90230"}],"wp:term":[{"taxonomy":"category","embeddable":true,"href":"https:\/\/linitiative.ca\/International\/wp-json\/wp\/v2\/categories?post=90230"},{"taxonomy":"post_tag","embeddable":true,"href":"https:\/\/linitiative.ca\/International\/wp-json\/wp\/v2\/tags?post=90230"}],"curies":[{"name":"wp","href":"https:\/\/api.w.org\/{rel}","templated":true}]}}