{"id":90231,"date":"2020-06-26T12:02:46","date_gmt":"2020-06-26T16:02:46","guid":{"rendered":"https:\/\/linitiative.ca\/International\/wissam-yahia-je-jouerai-jusqua-mes-40-ans\/"},"modified":"2020-06-26T12:02:46","modified_gmt":"2020-06-26T16:02:46","slug":"wissam-yahia-je-jouerai-jusqua-mes-40-ans","status":"publish","type":"post","link":"https:\/\/linitiative.ca\/International\/wissam-yahia-je-jouerai-jusqua-mes-40-ans\/","title":{"rendered":"Wissam Yahia: \u00abJe jouerai jusqu&rsquo;\u00e0 mes 40 ans !\u00bb"},"content":{"rendered":"<p class=\"p1 c3\"><span class=\"c2\"><strong><span class=\"Apple-converted-space\">\u00a0\u00a0<\/span>Le milieu de terrain du Club africain Wissam Yahia a assur\u00e9, hier qu&rsquo;il a renouvel\u00e9 son contrat et qu&rsquo;il compte mettre fin \u00e0 sa carri\u00e8re \u00e0 ses 40 ans, avec le club de Bab Jedid.<\/strong><\/span><\/p>\n<p class=\"p2 c4\">\u00a0<\/p>\n<p class=\"p3 c5\"><span class=\"c2\"><strong><span class=\"Apple-converted-space\">\u00a0<\/span>Sa\u00efd Sa\u00efbi:<\/strong><\/span><\/p>\n<p class=\"p3 c5\"><span class=\"c2\"><strong>\u00ab Le CA vise une bonne reprise\u00bb<\/strong><\/span><\/p>\n<p class=\"p1 c3\"><span class=\"c2\"><strong><span class=\"Apple-converted-space\">\u00a0<\/span>Les joueurs du Club africain ont entam\u00e9 mercredi un premier stage de pr\u00e9paration au centre d\u2019Hammam Bourguiba<span class=\"Apple-converted-space\">\u00a0<\/span> en attendant la reprise du championnat.<\/strong><\/span><\/p>\n<p class=\"p1 c3\"><span class=\"c2\"><strong>Sa\u00efd Saibi, entra\u00eeneur adjoint du club a assur\u00e9 \u00e0 Mosa\u00efque FM \u00e0 cette occasion que le staff technique essaye d\u2019avancer avec l\u2019effectif surtout que plusieurs plans et programmes ont \u00e9t\u00e9 annul\u00e9s. \u00ab\u00a0Apr\u00e8s trois mois de suspension d\u2019activit\u00e9 et \u00e0 cinq semaines de la reprise du championnat la mission s\u2019av\u00e8re difficile.<span class=\"Apple-converted-space\">\u00a0<\/span><\/strong><\/span><\/p>\n<p class=\"p1 c3\"><span class=\"c2\"><strong>Les joueurs n\u2019ont pas tous le m\u00eame niveau mais heureusement, le groupe est au complet. Nous allons tenter de raccourcir les \u00e9tapes.<span class=\"Apple-converted-space\">\u00a0<\/span><\/strong><\/span><\/p>\n<p class=\"p1 c3\"><span class=\"c2\"><strong>Il<span class=\"Apple-converted-space\">\u00a0<\/span> y a un travail sur le plan physique des joueurs et acc\u00e9l\u00e9rer le rythme avec des matches amicaux. Nous visons l\u2019organisation de six matches pour dire que nous avons bien pr\u00e9par\u00e9 notre reprise\u00a0\u00bb.<\/strong><\/span><\/p>\n<p class=\"p1 c3\"><span class=\"c2\"><strong>L\u2019entra\u00eeneur adjoint a assur\u00e9 que les joueurs ont montr\u00e9 un esprit remarquable de solidarit\u00e9. \u00ab\u00a0Ils s\u2019entra\u00eenent comme s\u2019ils n\u2019ont pas de probl\u00e8mes d\u2019ordre financier. Sur le plan physique, les joueurs n\u2019ont pas pris beaucoup de poids et ceci est un point positif aussi\u00a0\u00bb.<span class=\"Apple-converted-space\">\u00a0<\/span><\/strong><\/span><\/p>\n<p class=\"p1 c3\"><span class=\"c2\"><strong>Pour Abdelkader Oueslati et Wajdi Sahli, le technicien a indiqu\u00e9 qu\u2019ils se trouvent en France et qu\u2019\u00e0 cause de la fermeture des fronti\u00e8res, ils ne vont rejoindre le groupe<span class=\"Apple-converted-space\">\u00a0<\/span> domanche \u00ab\u00a0Wajdi Sahli a profit\u00e9 de sa pr\u00e9sence en France pour se<span class=\"Apple-converted-space\">\u00a0<\/span> soigner d\u2019une blessure au dos\u00a0\u00bb, a expliqu\u00e9 Sa\u00efd Sa\u00efbi.<span class=\"Apple-converted-space\">\u00a0<\/span><\/strong><\/span><\/p>\n<p>Auteur: letemps1<br \/>\n<a href=\"http:\/\/www.letemps.com.tn\/article\/115161\/wissam-yahia-%C2%ABje-jouerai-jusqu%C3%A0-mes-40-ans-%C2%BB\">Cliquez ici pour lire l&rsquo;article depuis sa source.<\/a><\/p>\n","protected":false},"excerpt":{"rendered":"<p>\u00a0\u00a0Le milieu de terrain du Club africain Wissam Yahia a assur\u00e9, hier qu&rsquo;il a renouvel\u00e9 son contrat et qu&rsquo;il compte mettre fin \u00e0 sa carri\u00e8re \u00e0 ses 40 ans, avec le club de Bab Jedid. \u00a0 \u00a0Sa\u00efd Sa\u00efbi: \u00ab Le CA vise une bonne reprise\u00bb \u00a0Les joueurs du Club africain ont entam\u00e9 mercredi un premier [&hellip;]<\/p>\n","protected":false},"author":1773,"featured_media":0,"comment_status":"closed","ping_status":"closed","sticky":false,"template":"","format":"standard","meta":{"fifu_image_url":"","fifu_image_alt":"","footnotes":""},"categories":[73,55],"tags":[],"class_list":["post-90231","post","type-post","status-publish","format-standard","hentry","category-actualite","category-tunisie"],"_links":{"self":[{"href":"https:\/\/linitiative.ca\/International\/wp-json\/wp\/v2\/posts\/90231","targetHints":{"allow":["GET"]}}],"collection":[{"href":"https:\/\/linitiative.ca\/International\/wp-json\/wp\/v2\/posts"}],"about":[{"href":"https:\/\/linitiative.ca\/International\/wp-json\/wp\/v2\/types\/post"}],"author":[{"embeddable":true,"href":"https:\/\/linitiative.ca\/International\/wp-json\/wp\/v2\/users\/1773"}],"replies":[{"embeddable":true,"href":"https:\/\/linitiative.ca\/International\/wp-json\/wp\/v2\/comments?post=90231"}],"version-history":[{"count":0,"href":"https:\/\/linitiative.ca\/International\/wp-json\/wp\/v2\/posts\/90231\/revisions"}],"wp:attachment":[{"href":"https:\/\/linitiative.ca\/International\/wp-json\/wp\/v2\/media?parent=90231"}],"wp:term":[{"taxonomy":"category","embeddable":true,"href":"https:\/\/linitiative.ca\/International\/wp-json\/wp\/v2\/categories?post=90231"},{"taxonomy":"post_tag","embeddable":true,"href":"https:\/\/linitiative.ca\/International\/wp-json\/wp\/v2\/tags?post=90231"}],"curies":[{"name":"wp","href":"https:\/\/api.w.org\/{rel}","templated":true}]}}