{"id":90232,"date":"2020-06-26T12:03:36","date_gmt":"2020-06-26T16:03:36","guid":{"rendered":"https:\/\/linitiative.ca\/International\/demain-en-amical-a-sousse-css-jsk\/"},"modified":"2020-06-26T12:03:36","modified_gmt":"2020-06-26T16:03:36","slug":"demain-en-amical-a-sousse-css-jsk","status":"publish","type":"post","link":"https:\/\/linitiative.ca\/International\/demain-en-amical-a-sousse-css-jsk\/","title":{"rendered":"Demain en amical, \u00e0 Sousse, CSS-JSK"},"content":{"rendered":"<p class=\"p1 c3\"><span class=\"c2\"><strong>Apr\u00e8s avoir<span class=\"Apple-converted-space\">\u00a0<\/span> disput\u00e9 dans le cadre de son stage \u00e0 Hammam-Sousse un premier match amical contre l&rsquo;ES Sahel, le CSS<span class=\"Apple-converted-space\">\u00a0<\/span> livrera demain dans la perle du Sahel un deuxi\u00e8me test face \u00e0 la JS kairouan.<span class=\"Apple-converted-space\">\u00a0<\/span><\/strong><\/span><\/p>\n<p class=\"p1 c3\"><span class=\"c2\"><strong>Le coup d&rsquo;envoi de ce test devant cl\u00f4turer le premier volet de la pr\u00e9paration de l&rsquo;ensemble \u00ab\u00a0Noir et Blanc\u00a0\u00bb sera donn\u00e9 \u00e0 A7h.<span class=\"Apple-converted-space\">\u00a0<\/span><\/strong><\/span><\/p>\n<p class=\"p1 c3\"><span class=\"c2\"><strong>Le quatuor international compos\u00e9 du gardien Aymen Dahmen, et des d\u00e9fenseurs Heni Amamou, Nessim Hnid et Hamza Methlouthi qui vient de rejoindre le reste de l&rsquo;effectif \u00e0 l&rsquo;issue de la fin de leur engagement avec la s\u00e9lection nationale seront de la partie contre l&rsquo;\u00e9quipe aghlabide.<\/strong><\/span><\/p>\n<p class=\"p2 c4\">\u00a0<\/p>\n<p class=\"p3 c5\"><span class=\"c2\"><strong>Chaouat rempile<span class=\"Apple-converted-space\">\u00a0<\/span><\/strong><\/span><\/p>\n<p class=\"p3 c5\"><span class=\"c2\"><strong>\u00e0 Abha<\/strong><\/span><\/p>\n<p class=\"p1 c3\"><span class=\"c2\"><strong><span class=\"Apple-converted-space\">\u00a0<\/span>Dans la perspective de la reprise, au mois d&rsquo;ao\u00fbt prochain du championnat saoudien en arr\u00eat depuis trois mois \u00e0 cause de la pand\u00e9mie du covid 19, le club Abha a d\u00e9cid\u00e9 de prolonger de trois mois suppl\u00e9mentaires le contrat le liant \u00e0 l&rsquo;attaquant Firas Chaouat.<span class=\"Apple-converted-space\">\u00a0<\/span><\/strong><\/span><\/p>\n<p class=\"p1 c3\"><span class=\"c2\"><strong>Aussin la p\u00e9riode de pr\u00eat du ce dernier qui devrait prendre normalement fin le 30 juin courant devrait se poursuivre jusqu&rsquo;au 30 septembre prochain.<span class=\"Apple-converted-space\">\u00a0<\/span><\/strong><\/span><\/p>\n<p class=\"p1 c3\"><span class=\"c2\"><strong>Etant donc toujours sous contrat avec le club saoudien, Firas Chaouat ne sera pas habilit\u00e9 \u00e0 renforcer les rangs sfaxiens lors de la reprise du championnat, fix\u00e9e au 2 ao\u00fbt prochain.<\/strong><\/span><\/p>\n<p class=\"p1 c3\"><span class=\"c2\"><strong>C&rsquo;est la raison pour laquelle il n&rsquo;a pas fait partie de l&rsquo;effectif retenu par Fethi Jbal pour effectuer la pr\u00e9paration de la reprise.<span class=\"Apple-converted-space\">\u00a0<\/span><\/strong><\/span><\/p>\n<p class=\"p1 c3\"><span class=\"c2\"><strong>Par contre, Il a \u00e9t\u00e9 autoris\u00e9 ainsi que son camarade Mohamed Ali Moncer<span class=\"Apple-converted-space\">\u00a0<\/span> pr\u00eat\u00e9 au club Muhaarrag bahre\u00efni de s&rsquo;entra\u00eener avec l&rsquo;\u00e9quipe des \u00e9lites. <span class=\"Apple-converted-space\">\u00a0<\/span><\/strong><\/span><\/p>\n<p class=\"p4 c6\"><span class=\"c2\"><strong>Ameur KERKENNI<\/strong><\/span><\/p>\n<p>Auteur: letemps1<br \/>\n<a href=\"http:\/\/www.letemps.com.tn\/article\/115162\/demain-en-amical-%C3%A0-sousse-css-jsk\">Cliquez ici pour lire l&rsquo;article depuis sa source.<\/a><\/p>\n","protected":false},"excerpt":{"rendered":"<p>Apr\u00e8s avoir\u00a0 disput\u00e9 dans le cadre de son stage \u00e0 Hammam-Sousse un premier match amical contre l&rsquo;ES Sahel, le CSS\u00a0 livrera demain dans la perle du Sahel un deuxi\u00e8me test face \u00e0 la JS kairouan.\u00a0 Le coup d&rsquo;envoi de ce test devant cl\u00f4turer le premier volet de la pr\u00e9paration de l&rsquo;ensemble \u00ab\u00a0Noir et Blanc\u00a0\u00bb sera [&hellip;]<\/p>\n","protected":false},"author":1773,"featured_media":0,"comment_status":"closed","ping_status":"closed","sticky":false,"template":"","format":"standard","meta":{"fifu_image_url":"","fifu_image_alt":"","footnotes":""},"categories":[73,55],"tags":[],"class_list":["post-90232","post","type-post","status-publish","format-standard","hentry","category-actualite","category-tunisie"],"_links":{"self":[{"href":"https:\/\/linitiative.ca\/International\/wp-json\/wp\/v2\/posts\/90232","targetHints":{"allow":["GET"]}}],"collection":[{"href":"https:\/\/linitiative.ca\/International\/wp-json\/wp\/v2\/posts"}],"about":[{"href":"https:\/\/linitiative.ca\/International\/wp-json\/wp\/v2\/types\/post"}],"author":[{"embeddable":true,"href":"https:\/\/linitiative.ca\/International\/wp-json\/wp\/v2\/users\/1773"}],"replies":[{"embeddable":true,"href":"https:\/\/linitiative.ca\/International\/wp-json\/wp\/v2\/comments?post=90232"}],"version-history":[{"count":0,"href":"https:\/\/linitiative.ca\/International\/wp-json\/wp\/v2\/posts\/90232\/revisions"}],"wp:attachment":[{"href":"https:\/\/linitiative.ca\/International\/wp-json\/wp\/v2\/media?parent=90232"}],"wp:term":[{"taxonomy":"category","embeddable":true,"href":"https:\/\/linitiative.ca\/International\/wp-json\/wp\/v2\/categories?post=90232"},{"taxonomy":"post_tag","embeddable":true,"href":"https:\/\/linitiative.ca\/International\/wp-json\/wp\/v2\/tags?post=90232"}],"curies":[{"name":"wp","href":"https:\/\/api.w.org\/{rel}","templated":true}]}}