{"id":90233,"date":"2020-06-26T12:04:22","date_gmt":"2020-06-26T16:04:22","guid":{"rendered":"https:\/\/linitiative.ca\/International\/raed-fedaa-sur-une-corde-raide\/"},"modified":"2020-06-26T12:04:22","modified_gmt":"2020-06-26T16:04:22","slug":"raed-fedaa-sur-une-corde-raide","status":"publish","type":"post","link":"https:\/\/linitiative.ca\/International\/raed-fedaa-sur-une-corde-raide\/","title":{"rendered":"Raed Feda\u00e2  sur une corde raide !"},"content":{"rendered":"<p class=\"p1 c3\"><span class=\"c2\"><strong>Raed Feda\u00e2 ne devrait pas finir la saison avec l\u2019Esp\u00e9rance S T. Le<span class=\"Apple-converted-space\">\u00a0<\/span> joueur ayant refus\u00e9 la proposition de prolonger son contrat. Ecart\u00e9 cart\u00e9 de l\u2019effectif de l\u2019\u00e9quipe professionnelle, il s\u2019entra\u00eenera, jusqu\u2019\u00e0 nouvel ordre, avec les joueurs de la cat\u00e9gorie \u00ab Elite \u00bb.<\/strong><\/span><\/p>\n<p class=\"p1 c3\"><span class=\"c2\"><strong>Sauf surprise, il rejoindra, croyons-nous savoir, dans les prochaines<span class=\"Apple-converted-space\">\u00a0<\/span> une \u00e9quipe croate.<span class=\"Apple-converted-space\">\u00a0<\/span><\/strong><\/span><\/p>\n<p class=\"p2 c4\"><span class=\"c2\"><strong>R.B.A<\/strong><\/span><\/p>\n<p>Auteur: letemps1<br \/>\n<a href=\"http:\/\/www.letemps.com.tn\/article\/115163\/raed-feda%C3%A2-sur-une-corde-raide\">Cliquez ici pour lire l&rsquo;article depuis sa source.<\/a><\/p>\n","protected":false},"excerpt":{"rendered":"<p>Raed Feda\u00e2 ne devrait pas finir la saison avec l\u2019Esp\u00e9rance S T. Le\u00a0 joueur ayant refus\u00e9 la proposition de prolonger son contrat. Ecart\u00e9 cart\u00e9 de l\u2019effectif de l\u2019\u00e9quipe professionnelle, il s\u2019entra\u00eenera, jusqu\u2019\u00e0 nouvel ordre, avec les joueurs de la cat\u00e9gorie \u00ab Elite \u00bb. Sauf surprise, il rejoindra, croyons-nous savoir, dans les prochaines\u00a0 une \u00e9quipe croate.\u00a0 [&hellip;]<\/p>\n","protected":false},"author":1773,"featured_media":0,"comment_status":"closed","ping_status":"closed","sticky":false,"template":"","format":"standard","meta":{"fifu_image_url":"","fifu_image_alt":"","footnotes":""},"categories":[73,55],"tags":[],"class_list":["post-90233","post","type-post","status-publish","format-standard","hentry","category-actualite","category-tunisie"],"_links":{"self":[{"href":"https:\/\/linitiative.ca\/International\/wp-json\/wp\/v2\/posts\/90233","targetHints":{"allow":["GET"]}}],"collection":[{"href":"https:\/\/linitiative.ca\/International\/wp-json\/wp\/v2\/posts"}],"about":[{"href":"https:\/\/linitiative.ca\/International\/wp-json\/wp\/v2\/types\/post"}],"author":[{"embeddable":true,"href":"https:\/\/linitiative.ca\/International\/wp-json\/wp\/v2\/users\/1773"}],"replies":[{"embeddable":true,"href":"https:\/\/linitiative.ca\/International\/wp-json\/wp\/v2\/comments?post=90233"}],"version-history":[{"count":0,"href":"https:\/\/linitiative.ca\/International\/wp-json\/wp\/v2\/posts\/90233\/revisions"}],"wp:attachment":[{"href":"https:\/\/linitiative.ca\/International\/wp-json\/wp\/v2\/media?parent=90233"}],"wp:term":[{"taxonomy":"category","embeddable":true,"href":"https:\/\/linitiative.ca\/International\/wp-json\/wp\/v2\/categories?post=90233"},{"taxonomy":"post_tag","embeddable":true,"href":"https:\/\/linitiative.ca\/International\/wp-json\/wp\/v2\/tags?post=90233"}],"curies":[{"name":"wp","href":"https:\/\/api.w.org\/{rel}","templated":true}]}}