{"id":90238,"date":"2020-06-26T15:13:13","date_gmt":"2020-06-26T19:13:13","guid":{"rendered":"https:\/\/linitiative.ca\/International\/international-pour-boateng-le-meilleur-defenseur-central-au-monde-est\/"},"modified":"2020-06-26T15:13:13","modified_gmt":"2020-06-26T19:13:13","slug":"international-pour-boateng-le-meilleur-defenseur-central-au-monde-est","status":"publish","type":"post","link":"https:\/\/linitiative.ca\/International\/international-pour-boateng-le-meilleur-defenseur-central-au-monde-est\/","title":{"rendered":"International : Pour Boateng, le meilleur d\u00e9fenseur central au monde est &#8230;"},"content":{"rendered":"<div readability=\"32\">\n<p>Auteur : <span class=\"time\">vendredi 26 juin 2020 18:25<\/span><\/p>\n<\/div>\n<div id=\"post_core\" readability=\"40\">\n<p>Mais il estime que Van Dijk, d\u00e9sormais champion de\u00a0Premier League\u00a0avec\u00a0Liverpool, se d\u00e9marque parmi l&rsquo;\u00e9lite. \u00ab\u00a0Il est l\u00e0-haut avec ses performances constantes\u00a0\u00bb, a d\u00e9clar\u00e9 Boateng rapporte Goal. \u00ab\u00a0Mais j&rsquo;aime aussi [Kalidou] Koulibaly du Napoli. [Sergio] Ramos du\u00a0Real Madrid\u00a0joue depuis longtemps \u00e0 un niveau \u00e9lev\u00e9.\u00a0\u00bb<\/p>\n<p><strong>Publi\u00e9 dans :<\/strong> <span>Boateng<\/span> <span>Van Dijk<\/span><\/p>\n<\/div>\n<p>Auteur:<br \/>\n<a href=\"http:\/\/www.lebuteur.com\/article\/detail?titre=pour-boateng-le-meilleur-defenseur-central-au-monde-est&#038;id=96393&#038;utm_source=feedburner&#038;utm_medium=feed&#038;utm_campaign=Feed%3A+GalerieFArtciles+%28Les+derniers+articles++-+lebuteur.com%29\">Cliquez ici pour lire l&rsquo;article depuis sa source.<\/a><\/p>\n","protected":false},"excerpt":{"rendered":"<p>Auteur : vendredi 26 juin 2020 18:25 Mais il estime que Van Dijk, d\u00e9sormais champion de\u00a0Premier League\u00a0avec\u00a0Liverpool, se d\u00e9marque parmi l&rsquo;\u00e9lite. \u00ab\u00a0Il est l\u00e0-haut avec ses performances constantes\u00a0\u00bb, a d\u00e9clar\u00e9 Boateng rapporte Goal. \u00ab\u00a0Mais j&rsquo;aime aussi [Kalidou] Koulibaly du Napoli. [Sergio] Ramos du\u00a0Real Madrid\u00a0joue depuis longtemps \u00e0 un niveau \u00e9lev\u00e9.\u00a0\u00bb Publi\u00e9 dans : Boateng Van [&hellip;]<\/p>\n","protected":false},"author":1738,"featured_media":90239,"comment_status":"closed","ping_status":"closed","sticky":false,"template":"","format":"standard","meta":{"fifu_image_url":"","fifu_image_alt":"","footnotes":""},"categories":[53,75],"tags":[],"class_list":["post-90238","post","type-post","status-publish","format-standard","has-post-thumbnail","hentry","category-algerie","category-sport"],"_links":{"self":[{"href":"https:\/\/linitiative.ca\/International\/wp-json\/wp\/v2\/posts\/90238","targetHints":{"allow":["GET"]}}],"collection":[{"href":"https:\/\/linitiative.ca\/International\/wp-json\/wp\/v2\/posts"}],"about":[{"href":"https:\/\/linitiative.ca\/International\/wp-json\/wp\/v2\/types\/post"}],"author":[{"embeddable":true,"href":"https:\/\/linitiative.ca\/International\/wp-json\/wp\/v2\/users\/1738"}],"replies":[{"embeddable":true,"href":"https:\/\/linitiative.ca\/International\/wp-json\/wp\/v2\/comments?post=90238"}],"version-history":[{"count":0,"href":"https:\/\/linitiative.ca\/International\/wp-json\/wp\/v2\/posts\/90238\/revisions"}],"wp:featuredmedia":[{"embeddable":true,"href":"https:\/\/linitiative.ca\/International\/wp-json\/"}],"wp:attachment":[{"href":"https:\/\/linitiative.ca\/International\/wp-json\/wp\/v2\/media?parent=90238"}],"wp:term":[{"taxonomy":"category","embeddable":true,"href":"https:\/\/linitiative.ca\/International\/wp-json\/wp\/v2\/categories?post=90238"},{"taxonomy":"post_tag","embeddable":true,"href":"https:\/\/linitiative.ca\/International\/wp-json\/wp\/v2\/tags?post=90238"}],"curies":[{"name":"wp","href":"https:\/\/api.w.org\/{rel}","templated":true}]}}