{"id":90240,"date":"2020-06-26T15:13:15","date_gmt":"2020-06-26T19:13:15","guid":{"rendered":"https:\/\/linitiative.ca\/International\/international-psg-tuchel-comprend-aouchiche\/"},"modified":"2020-06-26T15:13:15","modified_gmt":"2020-06-26T19:13:15","slug":"international-psg-tuchel-comprend-aouchiche","status":"publish","type":"post","link":"https:\/\/linitiative.ca\/International\/international-psg-tuchel-comprend-aouchiche\/","title":{"rendered":"International : PSG : Tuchel comprend Aouchiche"},"content":{"rendered":"<div readability=\"32\">\n<p>Auteur : <span class=\"time\">vendredi 26 juin 2020 18:50<\/span><\/p>\n<\/div>\n<div id=\"post_core\" readability=\"40\">\n<p>Une d\u00e9cision que Thomas Tuchel a comment\u00e9 ce vendredi. \u00ab Je suis tr\u00e8s triste et un peu d\u00e9\u00e7u, pas personnellement, en tant qu&rsquo;entra\u00eeneur. C\u2019\u00e9tait tr\u00e8s difficile de combattre pour une place dans cette \u00e9quipe pour Adil Aouchiche au milieu. C&rsquo;\u00e9tait possible (pour lui de percer), mais avec beaucoup de patience. \u00bb Des propos rapport\u00e9s par Sport 24.<\/p>\n<p><strong>Publi\u00e9 dans :<\/strong> <span>PSG<\/span> <span>Aouchiche<\/span><\/p>\n<\/div>\n<p>Auteur:<br \/>\n<a href=\"http:\/\/www.lebuteur.com\/article\/detail?titre=psg-tuchel-comprend-aouchiche&#038;id=96394&#038;utm_source=feedburner&#038;utm_medium=feed&#038;utm_campaign=Feed%3A+GalerieFArtciles+%28Les+derniers+articles++-+lebuteur.com%29\">Cliquez ici pour lire l&rsquo;article depuis sa source.<\/a><\/p>\n","protected":false},"excerpt":{"rendered":"<p>Auteur : vendredi 26 juin 2020 18:50 Une d\u00e9cision que Thomas Tuchel a comment\u00e9 ce vendredi. \u00ab Je suis tr\u00e8s triste et un peu d\u00e9\u00e7u, pas personnellement, en tant qu&rsquo;entra\u00eeneur. C\u2019\u00e9tait tr\u00e8s difficile de combattre pour une place dans cette \u00e9quipe pour Adil Aouchiche au milieu. C&rsquo;\u00e9tait possible (pour lui de percer), mais avec beaucoup [&hellip;]<\/p>\n","protected":false},"author":1738,"featured_media":90241,"comment_status":"closed","ping_status":"closed","sticky":false,"template":"","format":"standard","meta":{"fifu_image_url":"","fifu_image_alt":"","footnotes":""},"categories":[53,75],"tags":[],"class_list":["post-90240","post","type-post","status-publish","format-standard","has-post-thumbnail","hentry","category-algerie","category-sport"],"_links":{"self":[{"href":"https:\/\/linitiative.ca\/International\/wp-json\/wp\/v2\/posts\/90240","targetHints":{"allow":["GET"]}}],"collection":[{"href":"https:\/\/linitiative.ca\/International\/wp-json\/wp\/v2\/posts"}],"about":[{"href":"https:\/\/linitiative.ca\/International\/wp-json\/wp\/v2\/types\/post"}],"author":[{"embeddable":true,"href":"https:\/\/linitiative.ca\/International\/wp-json\/wp\/v2\/users\/1738"}],"replies":[{"embeddable":true,"href":"https:\/\/linitiative.ca\/International\/wp-json\/wp\/v2\/comments?post=90240"}],"version-history":[{"count":0,"href":"https:\/\/linitiative.ca\/International\/wp-json\/wp\/v2\/posts\/90240\/revisions"}],"wp:featuredmedia":[{"embeddable":true,"href":"https:\/\/linitiative.ca\/International\/wp-json\/"}],"wp:attachment":[{"href":"https:\/\/linitiative.ca\/International\/wp-json\/wp\/v2\/media?parent=90240"}],"wp:term":[{"taxonomy":"category","embeddable":true,"href":"https:\/\/linitiative.ca\/International\/wp-json\/wp\/v2\/categories?post=90240"},{"taxonomy":"post_tag","embeddable":true,"href":"https:\/\/linitiative.ca\/International\/wp-json\/wp\/v2\/tags?post=90240"}],"curies":[{"name":"wp","href":"https:\/\/api.w.org\/{rel}","templated":true}]}}