{"id":90245,"date":"2020-06-26T11:59:00","date_gmt":"2020-06-26T15:59:00","guid":{"rendered":"https:\/\/linitiative.ca\/International\/ouyahia-au-cimetiere-belhimer-fustige-hayat-tv\/"},"modified":"2020-06-26T11:59:00","modified_gmt":"2020-06-26T15:59:00","slug":"ouyahia-au-cimetiere-belhimer-fustige-hayat-tv","status":"publish","type":"post","link":"https:\/\/linitiative.ca\/International\/ouyahia-au-cimetiere-belhimer-fustige-hayat-tv\/","title":{"rendered":"Ouyahia au cimeti\u00e8re :  Belhimer  fustige Hayat TV"},"content":{"rendered":"<p><br id=\"sep_para_1\" class=\"sep_para access\"\/><\/p>\n<div id=\"para_1\" class=\"para_37614422 resize\">\n<div class=\"texte access firstletter\">La couverture m\u00e9diatique, notamment audiovisuelle, de l\u2019enterrement de Me La\u00effa Ouyahia, fr\u00e8re du pr\u00e9venu Ahmed Ouyahia, a donn\u00e9 une image qui n\u2019honore ni le m\u00e9tier de journaliste ni le peuple qu\u2019on est cens\u00e9 servir, a soulign\u00e9 le ministre de la Communication, porte parole du gouvernement, le Pr Ammar Belhimer. C\u2019est hayat TV du journaliste Habet Hannachi qui a diffus\u00e9 en boucle les images de Ahmed Ouyahia menott\u00e9 aux fun\u00e9railles de son fr\u00e8re. Dans une d\u00e9claration \u00e0 l\u2019APS, le Pr Belhimer a indiqu\u00e9 que \u00abla couverture m\u00e9diatique, notamment audiovisuelle, de l\u2019enterrement de Me La\u00effa Ouyahia, fr\u00e8re du pr\u00e9venu Ahmed Ouyahia, a donn\u00e9 une image qui n\u2019honore ni le m\u00e9tier de journaliste ni le peuple qu\u2019on est cens\u00e9 servir, un peuple connu pour l\u2019ancrage de ses valeurs de compassion devant la mort et de tol\u00e9rance\u00bb. \u00abEn effet, outre qu\u2019elles consacrent le proc\u00e9d\u00e9 indigne de l\u2019humiliation, les images d\u2019un ancien chef de gouvernement menottes aux poignets, \u00e9prouv\u00e9 et abattu par la perte de son fr\u00e8re, exhib\u00e9 dans un spectacle indigne, rel\u00e8vent de l\u2019ind\u00e9cence morale\u00bb, a-t-il encore martel\u00e9.<\/div>\n<\/div>\n<p>Auteur: R\u00e9flexion<br \/>\n<a href=\"https:\/\/www.reflexiondz.net\/Ouyahia-au-cimetiere-Belhimer-fustige-Hayat-TV_a63626.html\">Cliquez ici pour lire l&rsquo;article depuis sa source.<\/a><\/p>\n","protected":false},"excerpt":{"rendered":"<p>La couverture m\u00e9diatique, notamment audiovisuelle, de l\u2019enterrement de Me La\u00effa Ouyahia, fr\u00e8re du pr\u00e9venu Ahmed Ouyahia, a donn\u00e9 une image qui n\u2019honore ni le m\u00e9tier de journaliste ni le peuple qu\u2019on est cens\u00e9 servir, a soulign\u00e9 le ministre de la Communication, porte parole du gouvernement, le Pr Ammar Belhimer. C\u2019est hayat TV du journaliste Habet [&hellip;]<\/p>\n","protected":false},"author":1740,"featured_media":0,"comment_status":"closed","ping_status":"closed","sticky":false,"template":"","format":"standard","meta":{"fifu_image_url":"","fifu_image_alt":"","footnotes":""},"categories":[53,76],"tags":[],"class_list":["post-90245","post","type-post","status-publish","format-standard","hentry","category-algerie","category-regions"],"_links":{"self":[{"href":"https:\/\/linitiative.ca\/International\/wp-json\/wp\/v2\/posts\/90245","targetHints":{"allow":["GET"]}}],"collection":[{"href":"https:\/\/linitiative.ca\/International\/wp-json\/wp\/v2\/posts"}],"about":[{"href":"https:\/\/linitiative.ca\/International\/wp-json\/wp\/v2\/types\/post"}],"author":[{"embeddable":true,"href":"https:\/\/linitiative.ca\/International\/wp-json\/wp\/v2\/users\/1740"}],"replies":[{"embeddable":true,"href":"https:\/\/linitiative.ca\/International\/wp-json\/wp\/v2\/comments?post=90245"}],"version-history":[{"count":0,"href":"https:\/\/linitiative.ca\/International\/wp-json\/wp\/v2\/posts\/90245\/revisions"}],"wp:attachment":[{"href":"https:\/\/linitiative.ca\/International\/wp-json\/wp\/v2\/media?parent=90245"}],"wp:term":[{"taxonomy":"category","embeddable":true,"href":"https:\/\/linitiative.ca\/International\/wp-json\/wp\/v2\/categories?post=90245"},{"taxonomy":"post_tag","embeddable":true,"href":"https:\/\/linitiative.ca\/International\/wp-json\/wp\/v2\/tags?post=90245"}],"curies":[{"name":"wp","href":"https:\/\/api.w.org\/{rel}","templated":true}]}}