{"id":90247,"date":"2020-06-26T11:59:00","date_gmt":"2020-06-26T15:59:00","guid":{"rendered":"https:\/\/linitiative.ca\/International\/mohcine-belabbas-garde-toujours-son-immunite-parlementaire\/"},"modified":"2020-06-26T11:59:00","modified_gmt":"2020-06-26T15:59:00","slug":"mohcine-belabbas-garde-toujours-son-immunite-parlementaire","status":"publish","type":"post","link":"https:\/\/linitiative.ca\/International\/mohcine-belabbas-garde-toujours-son-immunite-parlementaire\/","title":{"rendered":"Mohcine Belabbas garde toujours son immunit\u00e9 parlementaire"},"content":{"rendered":"<p><br id=\"sep_para_1\" class=\"sep_para access\"\/><\/p>\n<div id=\"para_1\" class=\"para_37614421 resize\">\n<div class=\"texte access firstletter\">Jouissant toujours de son immunit\u00e9 parlementaire, le leader du parti RCD, Mohcine Belabbas, a annonc\u00e9 sur les ondes de Radio M qu&rsquo;il a \u00e9t\u00e9 convoqu\u00e9 jeudi par la gendarmerie et qu&rsquo;il se rendra vendredi sans fournir les motifs de cette convocation. R\u00e9agissant \u00e0 l&rsquo;annonce du pr\u00e9sident du Rassemblement pour la culture et la d\u00e9mocratie, relative \u00e0 sa convocation par la gendarmerie, le Parquet g\u00e9n\u00e9ral pr\u00e8s la Cour d\u2019Alger a affirm\u00e9 jeudi que \u00ab\u00a0ces convocations\u00a0\u00bb interviennent dans le cadre d\u2019\u00a0\u00bbenqu\u00eates dans une affaire de droit public\u00a0\u00bb. \u00ab\u00a0Suite aux informations fallacieuses relay\u00e9es au sujet des convocations adress\u00e9es \u00e0 M. Mohcine Belabbes, le Parquet g\u00e9n\u00e9ral pr\u00e8s la Cour d\u2019Alger, et pour \u00e9clairer l\u2019opinion publique, pr\u00e9cise ce qui suit : les convocations adress\u00e9es \u00e0 Mohcine Belabbes par le biais de la gendarmerie nationale interviennent dans le cadre d\u2019enqu\u00eates dans une affaire relevant du droit public\u00a0\u00bb, lit-on dans un communiqu\u00e9. \u00ab\u00a0Il s\u2019agit du d\u00e9c\u00e8s d\u2019une personne \u00e9trang\u00e8re qui travaillait dans un chantier de construction d\u2019un logement priv\u00e9 appartenant au susnomm\u00e9 (Mohcine Belabbes) qu\u2019il n\u2019a pas signal\u00e9\u00a0\u00bb, ajoute la m\u00eame source, qui souligne que \u00ab\u00a0les investigations ont montr\u00e9 que l\u2019ouvrier d\u00e9c\u00e9d\u00e9 n\u2019avait pas de permis de travail l\u00e9gal en Alg\u00e9rie et que la construction, elle-m\u00eame, a \u00e9t\u00e9 \u00e9difi\u00e9e sans respect des normes urbanistiques\u00a0\u00bb. \u00ab\u00a0Les investigations pr\u00e9liminaires sur la premi\u00e8re affaire se poursuivent\u00a0\u00bb, conclut le parquet.<\/div>\n<\/div>\n<p>Auteur: R\u00e9flexion<br \/>\n<a href=\"https:\/\/www.reflexiondz.net\/Mohcine-Belabbas-garde-toujours-son-immunite-parlementaire_a63625.html\">Cliquez ici pour lire l&rsquo;article depuis sa source.<\/a><\/p>\n","protected":false},"excerpt":{"rendered":"<p>Jouissant toujours de son immunit\u00e9 parlementaire, le leader du parti RCD, Mohcine Belabbas, a annonc\u00e9 sur les ondes de Radio M qu&rsquo;il a \u00e9t\u00e9 convoqu\u00e9 jeudi par la gendarmerie et qu&rsquo;il se rendra vendredi sans fournir les motifs de cette convocation. R\u00e9agissant \u00e0 l&rsquo;annonce du pr\u00e9sident du Rassemblement pour la culture et la d\u00e9mocratie, relative [&hellip;]<\/p>\n","protected":false},"author":1740,"featured_media":0,"comment_status":"closed","ping_status":"closed","sticky":false,"template":"","format":"standard","meta":{"fifu_image_url":"","fifu_image_alt":"","footnotes":""},"categories":[53,76],"tags":[],"class_list":["post-90247","post","type-post","status-publish","format-standard","hentry","category-algerie","category-regions"],"_links":{"self":[{"href":"https:\/\/linitiative.ca\/International\/wp-json\/wp\/v2\/posts\/90247","targetHints":{"allow":["GET"]}}],"collection":[{"href":"https:\/\/linitiative.ca\/International\/wp-json\/wp\/v2\/posts"}],"about":[{"href":"https:\/\/linitiative.ca\/International\/wp-json\/wp\/v2\/types\/post"}],"author":[{"embeddable":true,"href":"https:\/\/linitiative.ca\/International\/wp-json\/wp\/v2\/users\/1740"}],"replies":[{"embeddable":true,"href":"https:\/\/linitiative.ca\/International\/wp-json\/wp\/v2\/comments?post=90247"}],"version-history":[{"count":0,"href":"https:\/\/linitiative.ca\/International\/wp-json\/wp\/v2\/posts\/90247\/revisions"}],"wp:attachment":[{"href":"https:\/\/linitiative.ca\/International\/wp-json\/wp\/v2\/media?parent=90247"}],"wp:term":[{"taxonomy":"category","embeddable":true,"href":"https:\/\/linitiative.ca\/International\/wp-json\/wp\/v2\/categories?post=90247"},{"taxonomy":"post_tag","embeddable":true,"href":"https:\/\/linitiative.ca\/International\/wp-json\/wp\/v2\/tags?post=90247"}],"curies":[{"name":"wp","href":"https:\/\/api.w.org\/{rel}","templated":true}]}}