{"id":90248,"date":"2020-06-26T11:59:00","date_gmt":"2020-06-26T15:59:00","guid":{"rendered":"https:\/\/linitiative.ca\/International\/la-fondation-zidane-fait-don-au-chu-de-tizi-ouzou\/"},"modified":"2020-06-26T11:59:00","modified_gmt":"2020-06-26T15:59:00","slug":"la-fondation-zidane-fait-don-au-chu-de-tizi-ouzou","status":"publish","type":"post","link":"https:\/\/linitiative.ca\/International\/la-fondation-zidane-fait-don-au-chu-de-tizi-ouzou\/","title":{"rendered":"La fondation Zidane fait don au CHU de Tizi Ouzou"},"content":{"rendered":"<p><br id=\"sep_para_1\" class=\"sep_para access\"\/><\/p>\n<div id=\"para_1\" class=\"para_37614425 resize\">\n<div class=\"texte access firstletter\">La direction du CHU Nadir Mohamed de Tizi Ouzou a annonc\u00e9 jeudi, la r\u00e9ception d\u2019un financement pour l\u2019acquisition de fournitures m\u00e9dicales de la part de la fondation Zinedine Zidane. La fondation de l\u2019entraineur du r\u00e9al Madrid a, en effet, fait \u00e0 l\u2019\u00e9tablissement hospitalier \u00ab en finan\u00e7ant l\u2019acquisition de deux kits respirateurs artificiels int\u00e9gr\u00e9s dans la mise en place du plan sp\u00e9cial Covid-19 \u00bb, indique la direction du CHU. En outre, la Direction du CHU de Tizi-Ouzou a tenu \u00e0 exprimer \u00ab ses remerciements et sa reconnaissance \u00e0 la Fondation Zinedine Zidane, pour sa contribution au profit de l\u2019\u00e9tablissement, en cette crise sanitaire qui frappe le pays \u00bb.<\/div>\n<\/div>\n<p>Auteur: R\u00e9flexion<br \/>\n<a href=\"https:\/\/www.reflexiondz.net\/La-fondation-Zidane-fait-don-au-CHU-de-Tizi-Ouzou_a63628.html\">Cliquez ici pour lire l&rsquo;article depuis sa source.<\/a><\/p>\n","protected":false},"excerpt":{"rendered":"<p>La direction du CHU Nadir Mohamed de Tizi Ouzou a annonc\u00e9 jeudi, la r\u00e9ception d\u2019un financement pour l\u2019acquisition de fournitures m\u00e9dicales de la part de la fondation Zinedine Zidane. La fondation de l\u2019entraineur du r\u00e9al Madrid a, en effet, fait \u00e0 l\u2019\u00e9tablissement hospitalier \u00ab en finan\u00e7ant l\u2019acquisition de deux kits respirateurs artificiels int\u00e9gr\u00e9s dans la [&hellip;]<\/p>\n","protected":false},"author":1740,"featured_media":0,"comment_status":"closed","ping_status":"closed","sticky":false,"template":"","format":"standard","meta":{"fifu_image_url":"","fifu_image_alt":"","footnotes":""},"categories":[53,76],"tags":[],"class_list":["post-90248","post","type-post","status-publish","format-standard","hentry","category-algerie","category-regions"],"_links":{"self":[{"href":"https:\/\/linitiative.ca\/International\/wp-json\/wp\/v2\/posts\/90248","targetHints":{"allow":["GET"]}}],"collection":[{"href":"https:\/\/linitiative.ca\/International\/wp-json\/wp\/v2\/posts"}],"about":[{"href":"https:\/\/linitiative.ca\/International\/wp-json\/wp\/v2\/types\/post"}],"author":[{"embeddable":true,"href":"https:\/\/linitiative.ca\/International\/wp-json\/wp\/v2\/users\/1740"}],"replies":[{"embeddable":true,"href":"https:\/\/linitiative.ca\/International\/wp-json\/wp\/v2\/comments?post=90248"}],"version-history":[{"count":0,"href":"https:\/\/linitiative.ca\/International\/wp-json\/wp\/v2\/posts\/90248\/revisions"}],"wp:attachment":[{"href":"https:\/\/linitiative.ca\/International\/wp-json\/wp\/v2\/media?parent=90248"}],"wp:term":[{"taxonomy":"category","embeddable":true,"href":"https:\/\/linitiative.ca\/International\/wp-json\/wp\/v2\/categories?post=90248"},{"taxonomy":"post_tag","embeddable":true,"href":"https:\/\/linitiative.ca\/International\/wp-json\/wp\/v2\/tags?post=90248"}],"curies":[{"name":"wp","href":"https:\/\/api.w.org\/{rel}","templated":true}]}}