{"id":90253,"date":"2020-06-26T10:43:00","date_gmt":"2020-06-26T14:43:00","guid":{"rendered":"https:\/\/linitiative.ca\/International\/lancement-du-prix-lina-ben-mhenni-des-droits-de-lhomme\/"},"modified":"2020-06-26T10:43:00","modified_gmt":"2020-06-26T14:43:00","slug":"lancement-du-prix-lina-ben-mhenni-des-droits-de-lhomme","status":"publish","type":"post","link":"https:\/\/linitiative.ca\/International\/lancement-du-prix-lina-ben-mhenni-des-droits-de-lhomme\/","title":{"rendered":"Lancement du  Prix Lina Ben Mhenni des droits de l\u2019homme"},"content":{"rendered":"<p>L\u2019Association Tunisienne pour les Nations Unies (ATNU), cr\u00e9\u00e9e en 1963 par feu Mongi Slim, pour d\u00e9fendre et promouvoir, surtout aupr\u00e8s des jeunes, les valeurs et principes de la Charte des Nations Unies, a d\u00e9cid\u00e9 de lancer avec le soutien du bureau du Haut-Commissariat des Droits de l\u2019Homme \u00e0 Tunis, le \u00ab Prix Lina Ben Mhenni des droits de l\u2019homme \u00bb. Ce prix, annuel, distinguera des actions et des projets ayant un impact sur la jeunesse du point de vue de la promotion et de la protection des droits de l\u2019homme dans leur universalit\u00e9, leur interd\u00e9pendance et leur indivisibilit\u00e9.\u00a0<\/p>\n<p>Une attention particuli\u00e8re sera donn\u00e9e aux droits \u00e9conomiques, sociaux et culturels, dans les r\u00e9gions ou en faveur des populations d\u00e9favoris\u00e9es ou des groupes vuln\u00e9rables. Dans ses actions, l\u2019ATNU s\u2019efforce \u00e0 promouvoir les principes de paix, des droits de l\u2019homme et de d\u00e9veloppement durable.<\/p>\n<p>Ce prix, qui sera d\u00e9cern\u00e9 le 27 janvier de chaque ann\u00e9e, honorera la m\u00e9moire de Lina Ben Mhenni, d\u00e9c\u00e9d\u00e9e le 27 janvier 2020 \u00e0 la fleur de l\u2019\u00e2ge. Il est institu\u00e9 en reconnaissance \u00e0 son engagement ind\u00e9fectible en faveur de l\u2019\u00e9galit\u00e9, de la libert\u00e9, de la non-discrimination et de la justice sociale, et en respect \u00e0 son courage dans la d\u00e9fense des droits de l\u2019homme.<\/p>\n<p>Le r\u00e8glement int\u00e9rieur et les conditions de participation seront publi\u00e9s sur le compte facebook de l\u2019ATNU : <a href=\"http:\/\/m.facebook.com\/AssociationTunisiennePourLesNationsUnies\/\" target=\"_blank\" rel=\"noopener noreferrer\">http:\/\/m.facebook.com\/AssociationTunisiennePourLesNationsUnies\/<\/a><\/p>\n<p><strong>Lire aussi<\/strong><\/p>\n<p><a href=\"https:\/\/www.leaders.com.tn\/article\/30154-l-ambassade-d-italie-honore-la-memoire-de-lina-ben-mhenni-un-exemple-positif-d-engagement-politique-et-social\" target=\"_blank\" rel=\"noopener noreferrer\">L\u2019ambassade d\u2019Italie honore la m\u00e9moire de Lina Ben Mhenni: Un exemple positif d\u2019engagement politique et social<\/a><br \/>\u00a0<\/p>\n<p>Auteur:<br \/>\n<a href=\"https:\/\/www.leaders.com.tn\/article\/30174-lancement-du-prix-lina-ben-mhenni-des-droits-de-l-homme\">Cliquez ici pour lire l&rsquo;article depuis sa source.<\/a><\/p>\n","protected":false},"excerpt":{"rendered":"<p>L\u2019Association Tunisienne pour les Nations Unies (ATNU), cr\u00e9\u00e9e en 1963 par feu Mongi Slim, pour d\u00e9fendre et promouvoir, surtout aupr\u00e8s des jeunes, les valeurs et principes de la Charte des Nations Unies, a d\u00e9cid\u00e9 de lancer avec le soutien du bureau du Haut-Commissariat des Droits de l\u2019Homme \u00e0 Tunis, le \u00ab Prix Lina Ben Mhenni [&hellip;]<\/p>\n","protected":false},"author":1772,"featured_media":0,"comment_status":"closed","ping_status":"closed","sticky":false,"template":"","format":"standard","meta":{"fifu_image_url":"","fifu_image_alt":"","footnotes":""},"categories":[73,55],"tags":[],"class_list":["post-90253","post","type-post","status-publish","format-standard","hentry","category-actualite","category-tunisie"],"_links":{"self":[{"href":"https:\/\/linitiative.ca\/International\/wp-json\/wp\/v2\/posts\/90253","targetHints":{"allow":["GET"]}}],"collection":[{"href":"https:\/\/linitiative.ca\/International\/wp-json\/wp\/v2\/posts"}],"about":[{"href":"https:\/\/linitiative.ca\/International\/wp-json\/wp\/v2\/types\/post"}],"author":[{"embeddable":true,"href":"https:\/\/linitiative.ca\/International\/wp-json\/wp\/v2\/users\/1772"}],"replies":[{"embeddable":true,"href":"https:\/\/linitiative.ca\/International\/wp-json\/wp\/v2\/comments?post=90253"}],"version-history":[{"count":0,"href":"https:\/\/linitiative.ca\/International\/wp-json\/wp\/v2\/posts\/90253\/revisions"}],"wp:attachment":[{"href":"https:\/\/linitiative.ca\/International\/wp-json\/wp\/v2\/media?parent=90253"}],"wp:term":[{"taxonomy":"category","embeddable":true,"href":"https:\/\/linitiative.ca\/International\/wp-json\/wp\/v2\/categories?post=90253"},{"taxonomy":"post_tag","embeddable":true,"href":"https:\/\/linitiative.ca\/International\/wp-json\/wp\/v2\/tags?post=90253"}],"curies":[{"name":"wp","href":"https:\/\/api.w.org\/{rel}","templated":true}]}}