{"id":90256,"date":"2020-06-26T07:35:48","date_gmt":"2020-06-26T11:35:48","guid":{"rendered":"https:\/\/linitiative.ca\/International\/suivez-le-live-de-lemission-ach-waq3-de-mfm-radio\/"},"modified":"2020-06-26T07:35:48","modified_gmt":"2020-06-26T11:35:48","slug":"suivez-le-live-de-lemission-ach-waq3-de-mfm-radio","status":"publish","type":"post","link":"https:\/\/linitiative.ca\/International\/suivez-le-live-de-lemission-ach-waq3-de-mfm-radio\/","title":{"rendered":"Suivez le LIVE de l\u2019\u00e9mission \u00ab Ach Waq3 \u00bb de MFM Radio"},"content":{"rendered":"<div id=\"container\">\n<div class=\"c11\"\/>\n<\/p>\n<div class=\"fb-video\" data-href=\"https:\/\/www.facebook.com\/RADIOMFM.Officiel\/videos\/344056989911770\/\" data-width=\"1140\">\n<blockquote cite=\"https:\/\/www.facebook.com\/RADIOMFM.Officiel\/videos\/344056989911770\/\" class=\"fb-xfbml-parse-ignore\">\n<p>#\u0622\u0634_\u0648\u0627\u0642\u0639#\u062c\u0645\u0627\u0644_\u0628\u0631\u0627\u0648\u064a\u0645\u0642\u062a\u0644 \u0634\u0631\u0637\u064a \u0628\u0627\u0644\u062d\u0633\u064a\u0645\u0629\u0627\u0633\u0641\u064a.. \u0627\u0646\u0642\u0644\u0627\u0628 \u062d\u0627\u0641\u0644\u0629 \u0644\u0646\u0642\u0644 \u0639\u0627\u0645\u0644\u0627\u062a \u0627\u0644\u0633\u0645\u0643\u0644\u0634\u0643\u0631: \u0643\u0648\u0631\u0648\u0646\u0627 \u0633\u062a\u062c\u0628\u0631 \u0627\u0644\u0645\u063a\u0631\u0628 \u0639\u0644\u0649 \u0625\u0639\u0627\u062f\u0629 \u0627\u0644\u0646\u0638\u0631 \u0641\u064a \u0639\u062f\u0629 \u062e\u064a\u0627\u0631\u0627\u062a<\/p>\n<p>Publi\u00e9e par <a href=\"https:\/\/www.facebook.com\/RADIOMFM.Officiel\/\">RADIO MFM Officiel<\/a> sur Vendredi 26 juin 2020<\/p>\n<\/blockquote>\n<\/div>\n<p><strong>Retrouvez \u00abAch Waq3\u00bb de 12h30 \u00e0 13h15 en direct sur Radio MFM et en live sur Facebook Radio MFM officiel et mfmradio.ma<\/strong><\/p>\n<p><strong>Anim\u00e9 par Maelainine Inani, \u00abAch Waq3\u00bb revient plus en d\u00e9tail sur l\u2019actualit\u00e9 du jour d\u00e9crypt\u00e9e par le journaliste politique et \u00e9conomique Jamal Berraoui.<\/strong><\/p>\n<pre class=\"prettyprint _3t10 prettyprinted\">\n<\/pre>\n<\/div>\n<div class=\"vw-sticky-sidebar-wrapper vw-sticky-sidebar widget_text awac-wrapper widget_text awac widget custom_html-4 textwidget custom-html-widget\">\n<p class=\"has-background c13\"><span class=\"widget-title c12\">Tribune et D\u00e9bats<\/span><\/p>\n<p>La tribune qui vous parle d\u2019une actu, d\u2019un sujet qui fait d\u00e9bat, les traitent et les analysent. \u00c9conomistes et autres experts, patrons d\u2019entreprises, d\u00e9cideurs, acteurs de la soci\u00e9t\u00e9 civile, s\u2019y prononcent et contribuent \u00e0 sa grande richesse. Vous avez votre opinion, convergente ou diff\u00e9rente. Exprimez-la et mesurez-vous ainsi \u00e0 nos tribuns et d\u00e9batteurs.<\/p>\n<p>Envoyez vos analyses \u00e0 : <a href=\"\/cdn-cgi\/l\/email-protection#accfc3c2d8cdcfd8eccfc4cdc0c0c9c2cbc982c1cd\"><span class=\"__cf_email__\" data-cfemail=\"12717d7c6673716652717a737e7e777c75773c7f73\">[email\u00a0protected]<\/span><\/a>, en pr\u00e9cisant votre nom, votre pr\u00e9nom et votre m\u00e9tier.<\/p>\n<\/div>\n<p>Auteur: challenge<br \/>\n<a href=\"https:\/\/www.challenge.ma\/suivez-le-live-de-lemission-ach-waq3-de-mfm-radio-4-146411\/\">Cliquez ici pour lire l&rsquo;article depuis sa source.<\/a><\/p>\n","protected":false},"excerpt":{"rendered":"<p>#\u0622\u0634_\u0648\u0627\u0642\u0639#\u062c\u0645\u0627\u0644_\u0628\u0631\u0627\u0648\u064a\u0645\u0642\u062a\u0644 \u0634\u0631\u0637\u064a \u0628\u0627\u0644\u062d\u0633\u064a\u0645\u0629\u0627\u0633\u0641\u064a.. \u0627\u0646\u0642\u0644\u0627\u0628 \u062d\u0627\u0641\u0644\u0629 \u0644\u0646\u0642\u0644 \u0639\u0627\u0645\u0644\u0627\u062a \u0627\u0644\u0633\u0645\u0643\u0644\u0634\u0643\u0631: \u0643\u0648\u0631\u0648\u0646\u0627 \u0633\u062a\u062c\u0628\u0631 \u0627\u0644\u0645\u063a\u0631\u0628 \u0639\u0644\u0649 \u0625\u0639\u0627\u062f\u0629 \u0627\u0644\u0646\u0638\u0631 \u0641\u064a \u0639\u062f\u0629 \u062e\u064a\u0627\u0631\u0627\u062a Publi\u00e9e par RADIO MFM Officiel sur Vendredi 26 juin 2020 Retrouvez \u00abAch Waq3\u00bb de 12h30 \u00e0 13h15 en direct sur Radio MFM et en live sur Facebook Radio MFM officiel et mfmradio.ma Anim\u00e9 par Maelainine Inani, \u00abAch Waq3\u00bb [&hellip;]<\/p>\n","protected":false},"author":1787,"featured_media":0,"comment_status":"closed","ping_status":"closed","sticky":false,"template":"","format":"standard","meta":{"fifu_image_url":"","fifu_image_alt":"","footnotes":""},"categories":[78,54],"tags":[],"class_list":["post-90256","post","type-post","status-publish","format-standard","hentry","category-economie","category-maroc"],"_links":{"self":[{"href":"https:\/\/linitiative.ca\/International\/wp-json\/wp\/v2\/posts\/90256","targetHints":{"allow":["GET"]}}],"collection":[{"href":"https:\/\/linitiative.ca\/International\/wp-json\/wp\/v2\/posts"}],"about":[{"href":"https:\/\/linitiative.ca\/International\/wp-json\/wp\/v2\/types\/post"}],"author":[{"embeddable":true,"href":"https:\/\/linitiative.ca\/International\/wp-json\/wp\/v2\/users\/1787"}],"replies":[{"embeddable":true,"href":"https:\/\/linitiative.ca\/International\/wp-json\/wp\/v2\/comments?post=90256"}],"version-history":[{"count":0,"href":"https:\/\/linitiative.ca\/International\/wp-json\/wp\/v2\/posts\/90256\/revisions"}],"wp:attachment":[{"href":"https:\/\/linitiative.ca\/International\/wp-json\/wp\/v2\/media?parent=90256"}],"wp:term":[{"taxonomy":"category","embeddable":true,"href":"https:\/\/linitiative.ca\/International\/wp-json\/wp\/v2\/categories?post=90256"},{"taxonomy":"post_tag","embeddable":true,"href":"https:\/\/linitiative.ca\/International\/wp-json\/wp\/v2\/tags?post=90256"}],"curies":[{"name":"wp","href":"https:\/\/api.w.org\/{rel}","templated":true}]}}