{"id":90261,"date":"2020-06-26T11:18:38","date_gmt":"2020-06-26T15:18:38","guid":{"rendered":"https:\/\/linitiative.ca\/International\/la-tunisie-classee-par-une-organisation-internationale-comme-destinee-touristique-sure-selon-le-ministre-du-tourisme\/"},"modified":"2020-06-26T11:18:38","modified_gmt":"2020-06-26T15:18:38","slug":"la-tunisie-classee-par-une-organisation-internationale-comme-destinee-touristique-sure-selon-le-ministre-du-tourisme","status":"publish","type":"post","link":"https:\/\/linitiative.ca\/International\/la-tunisie-classee-par-une-organisation-internationale-comme-destinee-touristique-sure-selon-le-ministre-du-tourisme\/","title":{"rendered":"La Tunisie class\u00e9e par une organisation internationale comme destin\u00e9e touristique s\u00fbre, selon le ministre du Tourisme"},"content":{"rendered":"<div class=\"post-cont-in left relative\">\n<p>Le ministre du Tourisme, Mohamed Ali Toumi a d\u00e9voil\u00e9 vendredi que la Tunisie a \u00e9t\u00e9 officiellement inscrite sur la liste des zones s\u00fbres en tant que destination touristique par une organisation internationale du tourisme.<\/p>\n<div class=\"code-block code-block-1 c3\"><ins class=\"adsbygoogle c2\" data-ad-layout=\"in-article\" data-ad-format=\"fluid\" data-ad-client=\"ca-pub-2102118777505746\" data-ad-slot=\"7301775417\"\/> <\/div>\n<p>Ali Toumi a soulign\u00e9, dans une d\u00e9claration sur radio Jawhara Fm, que \u201cnotre pays devrait recevoir des touristes allemands et italiens au cours de la p\u00e9riode \u00e0 venir\u201d.<\/p>\n<p>Le ministre a \u00e9galement soulign\u00e9 la n\u00e9cessit\u00e9 de coexister avec le virus Corona, en tenant compte des mesures sanitaires adopt\u00e9es par les diff\u00e9rents acteurs pour pr\u00e9venir le virus Corona.<\/p>\n<p>L\u2019Organisation mondiale du tourisme a, \u00e0 travers son compte officiel sur Twitter, salu\u00e9 le protocole sanitaire tunisien \u00e9labor\u00e9 par le minist\u00e8re du Tourisme et de l\u2019Artisanat afin d\u2019assurer la s\u00e9curit\u00e9 des travailleurs du secteur et des expatri\u00e9s en lien avec le virus Corona, car l\u2019organisation a class\u00e9 la Tunisie comme destination touristique s\u00fbre.<\/p>\n<div class=\"swp_social_panel swp_horizontal_panel swp_flat_fresh swp_default_full_color swp_individual_full_color swp_other_full_color scale-100 scale-\" data-min-width=\"1100\" data-float-color=\"#ffffff\" data-float=\"bottom\" data-float-mobile=\"bottom\" data-transition=\"slide\">\n<div class=\"nc_tweetContainer swp_share_button total_shares total_sharesalt\"><span class=\"swp_count\">62 <span class=\"swp_label\">Partages<\/span><\/span><\/div>\n<\/div>\n<p><strong>Que se passe-t-il en Tunisie?<\/strong><br \/>Nous expliquons sur notre <a href=\"https:\/\/www.youtube.com\/channel\/UCRzypVq0B_yBad5eGrwBx0Q?sub_confirmation=1\" target=\"_blank\" rel=\"noopener noreferrer\">cha\u00eene YouTube<\/a> . <a href=\"https:\/\/www.youtube.com\/channel\/UCRzypVq0B_yBad5eGrwBx0Q?sub_confirmation=1\" target=\"_blank\" rel=\"noopener noreferrer\">Abonnez-vous!<\/a><\/p>\n<div class=\"mvp-org-wrap mvp-org-logo\" itemprop=\"publisher\" itemscope=\"\" itemtype=\"https:\/\/schema.org\/Organization\"><img decoding=\"async\" src=\"https:\/\/www.tunisienumerique.com\/wp-content\/uploads\/2017\/02\/logo_tunisie_numerique.png\"\/><\/div>\n<div class=\"mvp-related-posts left relative\">\n<h4 class=\"post-header\"><span class=\"post-header\">Lire aussi<\/span><\/h4>\n<\/div>\n<div id=\"article-ad\"><ins class=\"adsbygoogle c4\" data-ad-client=\"ca-pub-2102118777505746\" data-ad-slot=\"6513972734\" data-ad-format=\"auto\" data-full-width-responsive=\"true\"\/> <\/div>\n<\/div>\n<div id=\"post-sidebar-wrap\"><ins class=\"adsbygoogle c4\" data-ad-client=\"ca-pub-2102118777505746\" data-ad-slot=\"6168283410\" data-ad-format=\"auto\" data-full-width-responsive=\"true\"\/> <\/div>\n<p>Auteur: Mourad S<br \/>\n<a href=\"https:\/\/www.tunisienumerique.com\/la-tunisie-classee-par-une-organisation-internationale-comme-destinee-touristique-sure-selon-le-ministre-du-tourisme\/\">Cliquez ici pour lire l&rsquo;article depuis sa source.<\/a><\/p>\n","protected":false},"excerpt":{"rendered":"<p>Le ministre du Tourisme, Mohamed Ali Toumi a d\u00e9voil\u00e9 vendredi que la Tunisie a \u00e9t\u00e9 officiellement inscrite sur la liste des zones s\u00fbres en tant que destination touristique par une organisation internationale du tourisme. Ali Toumi a soulign\u00e9, dans une d\u00e9claration sur radio Jawhara Fm, que \u201cnotre pays devrait recevoir des touristes allemands et italiens [&hellip;]<\/p>\n","protected":false},"author":1789,"featured_media":90262,"comment_status":"closed","ping_status":"closed","sticky":false,"template":"","format":"standard","meta":{"fifu_image_url":"","fifu_image_alt":"","footnotes":""},"categories":[73,55],"tags":[],"class_list":["post-90261","post","type-post","status-publish","format-standard","has-post-thumbnail","hentry","category-actualite","category-tunisie"],"_links":{"self":[{"href":"https:\/\/linitiative.ca\/International\/wp-json\/wp\/v2\/posts\/90261","targetHints":{"allow":["GET"]}}],"collection":[{"href":"https:\/\/linitiative.ca\/International\/wp-json\/wp\/v2\/posts"}],"about":[{"href":"https:\/\/linitiative.ca\/International\/wp-json\/wp\/v2\/types\/post"}],"author":[{"embeddable":true,"href":"https:\/\/linitiative.ca\/International\/wp-json\/wp\/v2\/users\/1789"}],"replies":[{"embeddable":true,"href":"https:\/\/linitiative.ca\/International\/wp-json\/wp\/v2\/comments?post=90261"}],"version-history":[{"count":0,"href":"https:\/\/linitiative.ca\/International\/wp-json\/wp\/v2\/posts\/90261\/revisions"}],"wp:featuredmedia":[{"embeddable":true,"href":"https:\/\/linitiative.ca\/International\/wp-json\/"}],"wp:attachment":[{"href":"https:\/\/linitiative.ca\/International\/wp-json\/wp\/v2\/media?parent=90261"}],"wp:term":[{"taxonomy":"category","embeddable":true,"href":"https:\/\/linitiative.ca\/International\/wp-json\/wp\/v2\/categories?post=90261"},{"taxonomy":"post_tag","embeddable":true,"href":"https:\/\/linitiative.ca\/International\/wp-json\/wp\/v2\/tags?post=90261"}],"curies":[{"name":"wp","href":"https:\/\/api.w.org\/{rel}","templated":true}]}}