{"id":90265,"date":"2020-06-26T12:16:10","date_gmt":"2020-06-26T16:16:10","guid":{"rendered":"https:\/\/linitiative.ca\/International\/election-de-la-tunisie-a-la-tete-du-comite-des-programmes-et-du-budget-de-loms\/"},"modified":"2020-06-26T12:16:10","modified_gmt":"2020-06-26T16:16:10","slug":"election-de-la-tunisie-a-la-tete-du-comite-des-programmes-et-du-budget-de-loms","status":"publish","type":"post","link":"https:\/\/linitiative.ca\/International\/election-de-la-tunisie-a-la-tete-du-comite-des-programmes-et-du-budget-de-loms\/","title":{"rendered":"Election de la Tunisie \u00e0 la t\u00eate du Comit\u00e9 des programmes et du budget de l\u2019OMS"},"content":{"rendered":"<div class=\"post-cont-in left relative\">\n<p>La Tunisie a \u00e9t\u00e9 \u00e9lue en la personne du Dr Taher Karkah, professeur de m\u00e9decine, \u00e0 la t\u00eate du Comit\u00e9 du programme du budget et de l\u2019administration du Conseil ex\u00e9cutif de l\u2019Organisation mondiale de la sant\u00e9 (OMS) lors de la conf\u00e9rence \u00e9lectorale virtuelle qui s\u2019est tenue, vendredi 26 juin 2020 \u00e0 Gen\u00e8ve.<\/p>\n<div class=\"code-block code-block-1 c3\"><ins class=\"adsbygoogle c2\" data-ad-layout=\"in-article\" data-ad-format=\"fluid\" data-ad-client=\"ca-pub-2102118777505746\" data-ad-slot=\"7301775417\"\/> <\/div>\n<p>Karkah a affirm\u00e9 que l\u2019admission de la candidature de la Tunisie et son \u00e9lection \u00e0 la t\u00eate de cet important Comit\u00e9 repr\u00e9sente une reconnaissance internationale du succ\u00e8s de la Tunisie et de son implication dans la mise en \u0153uvre des programmes de l\u2019Organisation mondiale de la sant\u00e9 au profit de l\u2019humanit\u00e9 et une appr\u00e9ciation du syst\u00e8me de sant\u00e9 national qui s\u2019efforce d\u2019atteindre les objectifs de la couverture sanitaire universelle.<\/p>\n<div class=\"swp_social_panel swp_horizontal_panel swp_flat_fresh swp_default_full_color swp_individual_full_color swp_other_full_color scale-100 scale-\" data-min-width=\"1100\" data-float-color=\"#ffffff\" data-float=\"bottom\" data-float-mobile=\"bottom\" data-transition=\"slide\">\n<div class=\"nc_tweetContainer swp_share_button total_shares total_sharesalt\"><span class=\"swp_count\">28 <span class=\"swp_label\">Partages<\/span><\/span><\/div>\n<\/div>\n<p><strong>Que se passe-t-il en Tunisie?<\/strong><br \/>Nous expliquons sur notre <a href=\"https:\/\/www.youtube.com\/channel\/UCRzypVq0B_yBad5eGrwBx0Q?sub_confirmation=1\" target=\"_blank\" rel=\"noopener noreferrer\">cha\u00eene YouTube<\/a> . <a href=\"https:\/\/www.youtube.com\/channel\/UCRzypVq0B_yBad5eGrwBx0Q?sub_confirmation=1\" target=\"_blank\" rel=\"noopener noreferrer\">Abonnez-vous!<\/a><\/p>\n<div class=\"mvp-org-wrap mvp-org-logo\" itemprop=\"publisher\" itemscope=\"\" itemtype=\"https:\/\/schema.org\/Organization\"><img decoding=\"async\" src=\"https:\/\/www.tunisienumerique.com\/wp-content\/uploads\/2017\/02\/logo_tunisie_numerique.png\"\/><\/div>\n<div class=\"mvp-related-posts left relative\">\n<h4 class=\"post-header\"><span class=\"post-header\">Lire aussi<\/span><\/h4>\n<\/div>\n<div id=\"article-ad\"><ins class=\"adsbygoogle c4\" data-ad-client=\"ca-pub-2102118777505746\" data-ad-slot=\"6513972734\" data-ad-format=\"auto\" data-full-width-responsive=\"true\"\/> <\/div>\n<\/div>\n<div id=\"post-sidebar-wrap\"><ins class=\"adsbygoogle c4\" data-ad-client=\"ca-pub-2102118777505746\" data-ad-slot=\"6168283410\" data-ad-format=\"auto\" data-full-width-responsive=\"true\"\/> <\/div>\n<p>Auteur: Mourad S<br \/>\n<a href=\"https:\/\/www.tunisienumerique.com\/election-de-la-tunisie-a-la-tete-du-comite-des-programmes-et-du-budget-de-loms\/\">Cliquez ici pour lire l&rsquo;article depuis sa source.<\/a><\/p>\n","protected":false},"excerpt":{"rendered":"<p>La Tunisie a \u00e9t\u00e9 \u00e9lue en la personne du Dr Taher Karkah, professeur de m\u00e9decine, \u00e0 la t\u00eate du Comit\u00e9 du programme du budget et de l\u2019administration du Conseil ex\u00e9cutif de l\u2019Organisation mondiale de la sant\u00e9 (OMS) lors de la conf\u00e9rence \u00e9lectorale virtuelle qui s\u2019est tenue, vendredi 26 juin 2020 \u00e0 Gen\u00e8ve. Karkah a affirm\u00e9 [&hellip;]<\/p>\n","protected":false},"author":1789,"featured_media":90266,"comment_status":"closed","ping_status":"closed","sticky":false,"template":"","format":"standard","meta":{"fifu_image_url":"","fifu_image_alt":"","footnotes":""},"categories":[73,55],"tags":[],"class_list":["post-90265","post","type-post","status-publish","format-standard","has-post-thumbnail","hentry","category-actualite","category-tunisie"],"_links":{"self":[{"href":"https:\/\/linitiative.ca\/International\/wp-json\/wp\/v2\/posts\/90265","targetHints":{"allow":["GET"]}}],"collection":[{"href":"https:\/\/linitiative.ca\/International\/wp-json\/wp\/v2\/posts"}],"about":[{"href":"https:\/\/linitiative.ca\/International\/wp-json\/wp\/v2\/types\/post"}],"author":[{"embeddable":true,"href":"https:\/\/linitiative.ca\/International\/wp-json\/wp\/v2\/users\/1789"}],"replies":[{"embeddable":true,"href":"https:\/\/linitiative.ca\/International\/wp-json\/wp\/v2\/comments?post=90265"}],"version-history":[{"count":0,"href":"https:\/\/linitiative.ca\/International\/wp-json\/wp\/v2\/posts\/90265\/revisions"}],"wp:featuredmedia":[{"embeddable":true,"href":"https:\/\/linitiative.ca\/International\/wp-json\/"}],"wp:attachment":[{"href":"https:\/\/linitiative.ca\/International\/wp-json\/wp\/v2\/media?parent=90265"}],"wp:term":[{"taxonomy":"category","embeddable":true,"href":"https:\/\/linitiative.ca\/International\/wp-json\/wp\/v2\/categories?post=90265"},{"taxonomy":"post_tag","embeddable":true,"href":"https:\/\/linitiative.ca\/International\/wp-json\/wp\/v2\/tags?post=90265"}],"curies":[{"name":"wp","href":"https:\/\/api.w.org\/{rel}","templated":true}]}}