{"id":90267,"date":"2020-06-26T12:30:49","date_gmt":"2020-06-26T16:30:49","guid":{"rendered":"https:\/\/linitiative.ca\/International\/tunisie-imed-hazgui-annonce-une-revision-du-cadre-juridique-organisant-le-travail-des-militaires\/"},"modified":"2020-06-26T12:30:49","modified_gmt":"2020-06-26T16:30:49","slug":"tunisie-imed-hazgui-annonce-une-revision-du-cadre-juridique-organisant-le-travail-des-militaires","status":"publish","type":"post","link":"https:\/\/linitiative.ca\/International\/tunisie-imed-hazgui-annonce-une-revision-du-cadre-juridique-organisant-le-travail-des-militaires\/","title":{"rendered":"Tunisie: Imed Hazgui annonce une r\u00e9vision du cadre juridique organisant le travail des militaires"},"content":{"rendered":"<div class=\"post-cont-in left relative\">\n<p>Le ministre de la D\u00e9fense nationale, Imed Hazgui a annonc\u00e9 depuis le gouvernorat de Tataouine o\u00f9 il a effectu\u00e9 une visite \u00e0 la base a\u00e9rienne militaire de Remada ce vendredi, que la p\u00e9riode \u00e0 venir verra une r\u00e9vision du cadre juridique, des textes organisant le travail et l\u2019activit\u00e9 des employ\u00e9s de l\u2019institution militaire.<\/p>\n<div class=\"code-block code-block-1 c3\"><ins class=\"adsbygoogle c2\" data-ad-layout=\"in-article\" data-ad-format=\"fluid\" data-ad-client=\"ca-pub-2102118777505746\" data-ad-slot=\"7301775417\"\/> <\/div>\n<p>Il a pr\u00e9cis\u00e9 que les r\u00e9visions porteront \u00e9galement le statut g\u00e9n\u00e9ral, le statut sp\u00e9cial de l\u2019arm\u00e9e, les textes juridiques de la justice militaire, en plus de la publication de nouveaux textes relatifs \u00e0 la r\u00e9organisation de l\u2019arm\u00e9e nationale.<\/p>\n<div class=\"swp_social_panel swp_horizontal_panel swp_flat_fresh swp_default_full_color swp_individual_full_color swp_other_full_color scale-100 scale-\" data-min-width=\"1100\" data-float-color=\"#ffffff\" data-float=\"bottom\" data-float-mobile=\"bottom\" data-transition=\"slide\">\n<div class=\"nc_tweetContainer swp_share_button total_shares total_sharesalt\"><span class=\"swp_count\">8 <span class=\"swp_label\">Partages<\/span><\/span><\/div>\n<\/div>\n<p><strong>Que se passe-t-il en Tunisie?<\/strong><br \/>Nous expliquons sur notre <a href=\"https:\/\/www.youtube.com\/channel\/UCRzypVq0B_yBad5eGrwBx0Q?sub_confirmation=1\" target=\"_blank\" rel=\"noopener noreferrer\">cha\u00eene YouTube<\/a> . <a href=\"https:\/\/www.youtube.com\/channel\/UCRzypVq0B_yBad5eGrwBx0Q?sub_confirmation=1\" target=\"_blank\" rel=\"noopener noreferrer\">Abonnez-vous!<\/a><\/p>\n<div class=\"mvp-org-wrap mvp-org-logo\" itemprop=\"publisher\" itemscope=\"\" itemtype=\"https:\/\/schema.org\/Organization\"><img decoding=\"async\" src=\"https:\/\/www.tunisienumerique.com\/wp-content\/uploads\/2017\/02\/logo_tunisie_numerique.png\"\/><\/div>\n<div class=\"mvp-related-posts left relative\">\n<h4 class=\"post-header\"><span class=\"post-header\">Lire aussi<\/span><\/h4>\n<\/div>\n<div id=\"article-ad\"><ins class=\"adsbygoogle c4\" data-ad-client=\"ca-pub-2102118777505746\" data-ad-slot=\"6513972734\" data-ad-format=\"auto\" data-full-width-responsive=\"true\"\/> <\/div>\n<\/div>\n<div id=\"post-sidebar-wrap\"><ins class=\"adsbygoogle c4\" data-ad-client=\"ca-pub-2102118777505746\" data-ad-slot=\"6168283410\" data-ad-format=\"auto\" data-full-width-responsive=\"true\"\/> <\/div>\n<p>Auteur: Mourad S<br \/>\n<a href=\"https:\/\/www.tunisienumerique.com\/tunisie-imed-hazgui-annonce-une-revision-du-cadre-juridique-organisant-le-travail-des-militaires\/\">Cliquez ici pour lire l&rsquo;article depuis sa source.<\/a><\/p>\n","protected":false},"excerpt":{"rendered":"<p>Le ministre de la D\u00e9fense nationale, Imed Hazgui a annonc\u00e9 depuis le gouvernorat de Tataouine o\u00f9 il a effectu\u00e9 une visite \u00e0 la base a\u00e9rienne militaire de Remada ce vendredi, que la p\u00e9riode \u00e0 venir verra une r\u00e9vision du cadre juridique, des textes organisant le travail et l\u2019activit\u00e9 des employ\u00e9s de l\u2019institution militaire. Il a [&hellip;]<\/p>\n","protected":false},"author":1789,"featured_media":90268,"comment_status":"closed","ping_status":"closed","sticky":false,"template":"","format":"standard","meta":{"fifu_image_url":"","fifu_image_alt":"","footnotes":""},"categories":[73,55],"tags":[],"class_list":["post-90267","post","type-post","status-publish","format-standard","has-post-thumbnail","hentry","category-actualite","category-tunisie"],"_links":{"self":[{"href":"https:\/\/linitiative.ca\/International\/wp-json\/wp\/v2\/posts\/90267","targetHints":{"allow":["GET"]}}],"collection":[{"href":"https:\/\/linitiative.ca\/International\/wp-json\/wp\/v2\/posts"}],"about":[{"href":"https:\/\/linitiative.ca\/International\/wp-json\/wp\/v2\/types\/post"}],"author":[{"embeddable":true,"href":"https:\/\/linitiative.ca\/International\/wp-json\/wp\/v2\/users\/1789"}],"replies":[{"embeddable":true,"href":"https:\/\/linitiative.ca\/International\/wp-json\/wp\/v2\/comments?post=90267"}],"version-history":[{"count":0,"href":"https:\/\/linitiative.ca\/International\/wp-json\/wp\/v2\/posts\/90267\/revisions"}],"wp:featuredmedia":[{"embeddable":true,"href":"https:\/\/linitiative.ca\/International\/wp-json\/"}],"wp:attachment":[{"href":"https:\/\/linitiative.ca\/International\/wp-json\/wp\/v2\/media?parent=90267"}],"wp:term":[{"taxonomy":"category","embeddable":true,"href":"https:\/\/linitiative.ca\/International\/wp-json\/wp\/v2\/categories?post=90267"},{"taxonomy":"post_tag","embeddable":true,"href":"https:\/\/linitiative.ca\/International\/wp-json\/wp\/v2\/tags?post=90267"}],"curies":[{"name":"wp","href":"https:\/\/api.w.org\/{rel}","templated":true}]}}