{"id":90271,"date":"2020-06-26T10:18:34","date_gmt":"2020-06-26T14:18:34","guid":{"rendered":"https:\/\/linitiative.ca\/International\/trafic-dinfluence-dans-laffaire-armand-beouinde\/"},"modified":"2020-06-26T10:18:34","modified_gmt":"2020-06-26T14:18:34","slug":"trafic-dinfluence-dans-laffaire-armand-beouinde","status":"publish","type":"post","link":"https:\/\/linitiative.ca\/International\/trafic-dinfluence-dans-laffaire-armand-beouinde\/","title":{"rendered":"TRAFIC D\u2019INFLUENCE DANS L\u2019AFFAIRE ARMAND BEOUINDE"},"content":{"rendered":"<div class=\"stream-item stream-item-above-post-content\">\n<p><noscript><\/p>\n<p><a href=\"\/\/www3.smartadserver.com\/ac?jump=1&amp;nwid=2136&amp;siteid=240610&amp;pgname=rg&amp;fmtid=49046&amp;visit=m&amp;tmstp=[timestamp]&amp;out=nonrich\" target=\"_blank\" rel=\"noopener noreferrer\"><img decoding=\"async\" src=\"http:\/\/www3.smartadserver.com\/ac?out=nonrich&amp;nwid=2136&amp;siteid=240610&amp;pgname=rg&amp;fmtid=49046&amp;visit=m&amp;tmstp=[timestamp]\" border=\"0\" alt=\"\"\/><\/a><\/p>\n<p><\/noscript><\/div>\n<p class=\"c3\"><em><strong>Le R\u00e9seau national de lutte anti-corruption (REN-LAC) a convi\u00e9,\u00a0 dans la matin\u00e9e du 25 juin 2020, les Hommes de m\u00e9dias, \u00e0 un point de presse, \u00e0 son si\u00e8ge, \u00e0 Ouagadougou. Cette rencontre\u00a0 a \u00e9t\u00e9 organis\u00e9e afin d\u2019\u00e9changer\u00a0 avec la presse sur l\u2019actualit\u00e9 judiciaire en cours. Au sujet des affaires judiciaires sur la table du parquet du Tribunal de grande instance de Ouagadougou, l\u2019on apprend que cette structure de lutte contre la corruption, a port\u00e9 plainte aupr\u00e8s de ce m\u00eame parquet, contre le magistrat Narcisse\u00a0 Sawadogo et son acolyte Alassane Baguian et ce, pour trafic d\u2019influence.<\/strong><\/em><\/p>\n<p class=\"c3\"><em><strong>\u00a0<\/strong><\/em><\/p>\n<p class=\"c3\"><em>On apprenait, lors du point de presse du parquet du Tribunal de grande instance de Ouagadougou, le 18 juin dernier, que le magistrat Narcisse Sawadogo et son d\u00e9marcheur Alassane Baguian sont mis en examen pour tentative d\u2019escroquerie et diffamation. Depuis lors, le rouleau compresseur semble ne plus s\u2019arr\u00eater pour ces deux personnes mises en difficult\u00e9 par la Justice dans l\u2019affaire des 70 millions de F CFA du maire Armand B\u00e9ouind\u00e9. Au regard des derni\u00e8res \u00e9volutions, l\u2019on peut affirmer que les deux acolytes sont vraiment dans le \u00ab\u00a0p\u00e9trin\u00a0\u00bb. En effet, dans la matin\u00e9e du 25 juin dernier, le R\u00e9seau national de lutte anti-corruption a donn\u00e9 rendez-vous \u00e0 la presse en vue d\u2019\u00e9voquer avec elle, certains dossiers pendants au parquet du TGI de Ouagadougou. C\u2019est au cours de cette rencontre que cette organisation de la soci\u00e9t\u00e9 civile a annonc\u00e9 qu\u2019elle a engag\u00e9 des poursuites contre Narcisse\u00a0 Sawadogo et Alassane Baguian. Par le biais de son conseil, le REN-LAC dit avoir introduit une autre plainte contre ces derniers pour trafic d\u2019influence. \u00abTous ceux qui ont une parcelle de pouvoir dans le traitement de ce dossier, en premier lieu les magistrats et le ministre de la Justice, doivent faire diligence pour ne pas garantir une impunit\u00e9 aux mis en cause et encourager ainsi la corruption dans la sph\u00e8re judiciaire\u00a0\u00bb, a souhait\u00e9 Sagado Nacanabo, Secr\u00e9taire ex\u00e9cutif du REN-LAC. Mais le REN-LAC n\u2019entend pas s\u2019arr\u00eater l\u00e0.\u00a0\u00ab\u00a0 Cette affaire ne doit pas nous faire oublier la principale, \u00e0 savoir celle de la location de v\u00e9hicules au profit de la mairie\u00a0\u00bb, a-t-il pr\u00e9cis\u00e9. Et d\u2019annoncer ceci\u00a0: \u00ab\u00a0Le REN-LAC suit avec int\u00e9r\u00eat cette affaire et entend se constituer partie civile, afin de contribuer \u00e0 son \u00e9lucidation\u00a0\u00bb. Il a souhait\u00e9 d\u2019ailleurs que le maire Armand B\u00e9ouind\u00e9 puisse rendre le tablier\u00a0 afin que le dossier suive sereinement son cours au niveau de la Justice.<\/em><\/p>\n<p class=\"c3\"><em>\u00a0<\/em><\/p>\n<p class=\"c3\"><em><strong>\u00ab\u00a0Il n\u2019est pas exclu que les jours \u00e0 venir, nous portions plainte contre le ministre en charge des Mines\u00a0\u00bb<\/strong><\/em><\/p>\n<p class=\"c3\"><em><strong>\u00a0<\/strong><\/em><\/p>\n<p class=\"c3\"><em>Autre affaire qui avait fait les choux gras des m\u00e9dias, celle de l\u2019ex-ministre de la d\u00e9fense, Jean Claude Bouda. Pour avoir \u00e9t\u00e9 la structure qui a port\u00e9 plainte contre ce dernier, le REN-LAC dit avoir accueilli avec satisfaction, la nouvelle de son d\u00e9p\u00f4t.\u00a0\u00ab\u00a0 En d\u00e9pit des d\u00e9bats sur les questions de proc\u00e9dures, le plus important dans cette affaire, c\u2019est que l\u2019ex-ministre ne b\u00e9n\u00e9ficie d\u2019aucune impunit\u00e9. Qu\u2019il soit jug\u00e9 conform\u00e9ment aux lois et r\u00e8glements en vigueur\u00a0\u00bb, a fait savoir le SE du REN-LAC. Et de souhaiter ceci\u00a0: \u00ab\u00a0Si d\u2019aventure, il arrive \u00e0 apporter la preuve de son innocence, qu\u2019il soit d\u00e9clar\u00e9 innocent et relax\u00e9\u00a0\u00bb. Sur le cas d\u2019Eric Bougouma, \u00a0ministre des Infrastructures, Sagado Nacanabo s\u2019est voulu on ne peut plus clair\u00a0: \u00ab\u00a0C\u2019est un dossier sur lequel nous travaillons. Mais l\u2019\u00e9tat actuel de nos investigations ne nous permet pas de d\u00e9poser une plainte contre lui\u00a0\u00bb.\u00a0 Avant de lancer cet appel\u00a0: \u00ab\u00a0C\u2019est le lieu, pour nous, de lancer un appel \u00e0 tous ceux qui d\u00e9tiennent des informations qui pourraient nous permettre d\u2019avancer dans ce dossier, de le faire. Parce que nous ne pouvons pas travailler sur \u2018\u2019les on-dit\u2019\u2019. Il faut bien des pi\u00e8ces pour d\u00e9poser une plainte cr\u00e9dible. Sinon, si on d\u00e9pose des plaintes \u00e0 l\u2019emporte-pi\u00e8ce, je pense que vous serez les premiers (les m\u00e9dias) \u00e0 le critiquer. Nous voulons du solide mais pour le moment, on ne l\u2019a pas encore. Du reste, il y a d\u2019autres partenaires qui sont sur le dossier\u00a0\u00bb. Un autre ministre qui est aussi dans le collimateur du REN-LAC, c\u2019est celui en charge des Mines. Dans le cadre de l\u2019affaire charbon fin, \u00ab\u00a0il n\u2019est pas exclu que les jours \u00e0 venir, nous portions plainte contre le ministre en charge des Mines au regard de son attitude qui ne facilite pas la manifestation de la v\u00e9rit\u00e9\u00a0\u00bb, a pr\u00e9cis\u00e9 Sagado Nacanabo. Au cours de ce point de presse, le REN-LAC est aussi revenu sur l\u2019affaire CNSS et sur bien d\u2019autres affaires concernant des institutions de la r\u00e9publique.\u00a0\u00ab\u00a0 Les sommes en jeu sont colossales et les personnes impliqu\u00e9es sont des grands commis de l\u2019Etat.\u00a0H\u00e9las\u00a0! Comment\u00a0 s\u2019\u00e9tonner alors que la corruption connaisse une courbe ascendante depuis 2016, selon les indicateurs\u00a0?\u00a0\u00bb, s\u2019est indign\u00e9 le SE du REN-LAC.<\/em><\/p>\n<p class=\"c3\"><em>\u00a0<\/em><\/p>\n<p class=\"c3\"><em><strong>Boureima KINDO<\/strong><\/em><\/p>\n<p class=\"c3\"><em><strong>\u00a0<\/strong><\/em><\/p>\n<p class=\"c3\"><em><strong>\u00a0<\/strong><\/em><\/p>\n<p>Auteur: Le Pays<br \/>\n<a href=\"http:\/\/lepays.bf\/trafic-dinfluence-dans-laffaire-armand-beouinde\/\">Cliquez ici pour lire l&rsquo;article depuis sa source.<\/a><\/p>\n","protected":false},"excerpt":{"rendered":"<p>Le R\u00e9seau national de lutte anti-corruption (REN-LAC) a convi\u00e9,\u00a0 dans la matin\u00e9e du 25 juin 2020, les Hommes de m\u00e9dias, \u00e0 un point de presse, \u00e0 son si\u00e8ge, \u00e0 Ouagadougou. Cette rencontre\u00a0 a \u00e9t\u00e9 organis\u00e9e afin d\u2019\u00e9changer\u00a0 avec la presse sur l\u2019actualit\u00e9 judiciaire en cours. Au sujet des affaires judiciaires sur la table du parquet [&hellip;]<\/p>\n","protected":false},"author":1813,"featured_media":0,"comment_status":"closed","ping_status":"closed","sticky":false,"template":"","format":"standard","meta":{"fifu_image_url":"","fifu_image_alt":"","footnotes":""},"categories":[73,81],"tags":[],"class_list":["post-90271","post","type-post","status-publish","format-standard","hentry","category-actualite","category-burkina-faso"],"_links":{"self":[{"href":"https:\/\/linitiative.ca\/International\/wp-json\/wp\/v2\/posts\/90271","targetHints":{"allow":["GET"]}}],"collection":[{"href":"https:\/\/linitiative.ca\/International\/wp-json\/wp\/v2\/posts"}],"about":[{"href":"https:\/\/linitiative.ca\/International\/wp-json\/wp\/v2\/types\/post"}],"author":[{"embeddable":true,"href":"https:\/\/linitiative.ca\/International\/wp-json\/wp\/v2\/users\/1813"}],"replies":[{"embeddable":true,"href":"https:\/\/linitiative.ca\/International\/wp-json\/wp\/v2\/comments?post=90271"}],"version-history":[{"count":0,"href":"https:\/\/linitiative.ca\/International\/wp-json\/wp\/v2\/posts\/90271\/revisions"}],"wp:attachment":[{"href":"https:\/\/linitiative.ca\/International\/wp-json\/wp\/v2\/media?parent=90271"}],"wp:term":[{"taxonomy":"category","embeddable":true,"href":"https:\/\/linitiative.ca\/International\/wp-json\/wp\/v2\/categories?post=90271"},{"taxonomy":"post_tag","embeddable":true,"href":"https:\/\/linitiative.ca\/International\/wp-json\/wp\/v2\/tags?post=90271"}],"curies":[{"name":"wp","href":"https:\/\/api.w.org\/{rel}","templated":true}]}}