{"id":90272,"date":"2020-06-26T10:28:15","date_gmt":"2020-06-26T14:28:15","guid":{"rendered":"https:\/\/linitiative.ca\/International\/affaire-achat-de-77-vehicules-par-la-mairie-de-ouagadougou\/"},"modified":"2020-06-26T10:28:15","modified_gmt":"2020-06-26T14:28:15","slug":"affaire-achat-de-77-vehicules-par-la-mairie-de-ouagadougou","status":"publish","type":"post","link":"https:\/\/linitiative.ca\/International\/affaire-achat-de-77-vehicules-par-la-mairie-de-ouagadougou\/","title":{"rendered":"AFFAIRE ACHAT DE 77 VEHICULES PAR LA MAIRIE DE OUAGADOUGOU  \u00a0"},"content":{"rendered":"<div class=\"stream-item stream-item-above-post-content\">\n<p><noscript><\/p>\n<p><a href=\"\/\/www3.smartadserver.com\/ac?jump=1&amp;nwid=2136&amp;siteid=240610&amp;pgname=rg&amp;fmtid=49046&amp;visit=m&amp;tmstp=[timestamp]&amp;out=nonrich\" target=\"_blank\" rel=\"noopener noreferrer\"><img decoding=\"async\" src=\"http:\/\/www3.smartadserver.com\/ac?out=nonrich&amp;nwid=2136&amp;siteid=240610&amp;pgname=rg&amp;fmtid=49046&amp;visit=m&amp;tmstp=[timestamp]\" border=\"0\" alt=\"\"\/><\/a><\/p>\n<p><\/noscript><\/div>\n<p class=\"c3\"><strong>72 heures apr\u00e8s la session tendue du conseil municipal de Ouagadougou, les conseillers de l\u2019opposition \u00e9taient face \u00e0 la presse hier, 25 juin 2020, pour d\u00e9noncer la <em>\u00ab\u00a0gestion chaotique\u00a0<\/em>\u00bb de la capitale par le maire Armand Roland Pierre B\u00e9ouind\u00e9. Pour les conseillers, \u00ab\u00a0<em>il y a eu abus de confiance, faux \u00a0et usage de faux<\/em>\u00a0\u00bb dans l\u2019affaire d\u2019achat \u00a0de 77 v\u00e9hicules et par cons\u00e9quent, \u00a0ils ont exig\u00e9 la d\u00e9mission de l\u2019\u00e9dile.<\/strong><\/p>\n<p class=\"c3\"><strong>\u00a0<\/strong><\/p>\n<p class=\"c3\">L\u2019opposition municipale de la commune de Ouagadougou ne veut plus du maire Armand B\u00e9ouind\u00e9 \u00e0 la t\u00eate de la mairie. Elle l\u2019a fait savoir au cours de sa conf\u00e9rence de presse anim\u00e9e hier 25 juin, soit 3 jours apr\u00e8s la session mouvement\u00e9e du conseil municipal.\u00a0 En tout cas, ce sont des conseillers de l\u2019opposition\u00a0 qui ont dit n\u2019avoir plus confiance au maire Armand B\u00e9ouind\u00e9 \u00e0 qui ils ont demand\u00e9 de rendre le tablier. \u00ab\u00a0<em>A l\u2019instar du Chef de file de l\u2019opposition politique (CFOP), l\u2019opposition municipale exige la d\u00e9mission du maire de Ouagadougou<\/em>\u00a0\u00bb, a martel\u00e9 le pr\u00e9sident du groupe municipal UPC, Alban Raogo Zoungrana. \u00ab\u00a0<em>Nous, les conseillers municipaux de l\u2019opposition, n\u2019avons plus confiance au maire B\u00e9ouind\u00e9\u2026 Rappelez-vous de la premi\u00e8re ann\u00e9e, lorsqu\u2019il a fait une sortie dans laquelle il a dit n\u2019avoir pas mis plus de 20 millions de F CFA dans une f\u00eate qu\u2019il a organis\u00e9e. Quand les comptes de gestion de 2016-2017 sont sortis, ce sont plus de 131 millions de F CFA qui avaient \u00e9t\u00e9 inject\u00e9s dans l\u2019organisation de ladite f\u00eate. Quand quelqu\u2019un vous ment \u00e0 plusieurs reprises, \u00e0 un moment donn\u00e9, la confiance est rompue. La mauvaise gestion de la commune a atteint son paroxysme \u00e0 tel point que nous ne pouvons plus nous taire. Quand la limite est atteinte, on peut faire une sorte d\u2019insurrection et c\u2019est ce que nous avons fait<\/em>\u00a0\u00bb, a ajout\u00e9 le 3<sup>e<\/sup> adjoint au maire, Nathana\u00ebl Ou\u00e9draogo. Et Alban Zoungrana d\u2019inviter \u00a0le ministre de l\u2019Administration territoriale et de la d\u00e9centralisation \u00e0 \u00ab\u00a0<em>suspendre le maire de la commune, en application de l\u2019article 272 du Code g\u00e9n\u00e9ral des collectivit\u00e9s territoriales<\/em>\u00a0<em>qui stipule que le maire ou un adjoint au maire peut faire l\u2019objet de suspension ou de r\u00e9vocation en cas de faute grave<\/em>\u00a0\u00bb. \u00ab\u00a0<em>Augmentation exag\u00e9r\u00e9e<\/em>\u00a0\u00bb du prix de location des jardins et boutiques appartenant \u00e0 la commune de Ouagadougou et\u00a0 augmentation du seuil de passation de la commande publique sont, entre autres, les griefs relev\u00e9s par les conf\u00e9renciers \u00e0 l\u2019encontre du bourgmestre de la capitale.<\/p>\n<p class=\"c3\"><strong>Les conf\u00e9renciers demandent l\u2019annulation de la session du 22 juin<\/strong><\/p>\n<p class=\"c3\">\u00ab\u00a0<em>A chaque fois, nous avons attir\u00e9 son attention sur sa gouvernance. Mais nous n\u2019avons pas voulu nous comporter comme une opposition plaintive, qui se dit experte en tout. Nous avons laiss\u00e9 passer du temps avant de constater qu\u2019il y a de l\u2019exag\u00e9ration<\/em> \u00bb, a dit le pr\u00e9sident du groupe municipal CDP, Constant Ou\u00e9draogo.\u00a0 La goutte d\u2019eau qui a fait d\u00e9border le vase, selon les conf\u00e9renciers, \u00a0a \u00e9t\u00e9 le \u00ab\u00a0<em>filtrage<\/em>\u00a0\u00bb fait le 22 juin dernier pour les emp\u00eacher d\u2019avoir acc\u00e8s \u00e0 la salle de la session et le refus de les \u00e9couter. \u00a0Selon Alban Zoungrana, la manif\u00a0 constat\u00e9e le 22 juin dernier est donc \u00a0la cons\u00e9quence d\u2019un certain nombre de frustrations et visait \u00e0 \u00ab\u00a0<em>emp\u00eacher le maire de valider la malversation dont il s\u2019est rendu coupable dans l\u2019affaire de location de 77 v\u00e9hicules \u00e0 hauteur de 4 milliards 600 millions de F CFA<\/em>\u00a0\u00bb. D\u2019ailleurs, sur la question, les conseillers de l\u2019opposition ont estim\u00e9 qu\u2019il y a eu \u00ab\u00a0<em>abus de confiance dans cette affaire, faux et usage de faux, car le maire n\u2019a pas port\u00e9 les amendements de la session avant la conclusion du contrat<\/em>\u00a0\u00bb. \u00ab\u00a0<em>La d\u00e9lib\u00e9ration portant sur l\u2019approbation de l\u2019acquisition de v\u00e9hicules par cr\u00e9dit-bail a \u00e9t\u00e9 discut\u00e9e au cours d\u2019une session pendant laquelle des observations ont \u00e9t\u00e9 \u00e9mises par des conseillers de l\u2019opposition. Cette approbation a \u00e9t\u00e9 faite par la majorit\u00e9 des conseillers pr\u00e9sents pour acqu\u00e9rir du mat\u00e9riel de qualit\u00e9 pour la commune, \u00e0 condition que les observations soient prises en compte\u2026 Le maire B\u00e9ouind\u00e9 a l\u2019habitude de dire\u00a0 \u00e0 qui veut l\u2019entendre qu\u2019il a obtenu le quitus du conseil municipal \u00a0pour agir. Cependant, il faut rappeler qu\u2019un accord d\u2019agir n\u2019est pas un accord de mal agir<\/em>\u00a0\u00bb, a relev\u00e9 M. Zoungrana. C\u2019est d\u2019ailleurs pourquoi\u00a0 lui et ses camarades ont affirm\u00e9 qu\u2019ils se constitueront partie civile\u00a0 dans cette affaire, dans les jours \u00e0 venir, surtout apr\u00e8s les \u00ab\u00a0<em>graves r\u00e9v\u00e9lations\u00a0<\/em>\u00bb du journal d\u2019investigation soutenant que \u00ab\u00a0<em>le maire s\u2019est rendu coupable de conflits d\u2019int\u00e9r\u00eats et de surfacturation<\/em> \u00bb. Aussi, de l\u2019avis des conf\u00e9renciers, le maire a op\u00e9r\u00e9 un passage en force pour valider les points inscrits \u00e0 l\u2019ordre du jour de la session alors que le quorum n\u00e9cessaire\u00a0 n\u2019a pas \u00e9t\u00e9 atteint. Ils ont demand\u00e9 l\u2019annulation de ladite session par le haut-commissaire et indiqu\u00e9 avoir \u00ab\u00a0<em>pris langue avec nos avocats afin de saisir, dans les jours \u00e0 venir, les juridictions comp\u00e9tentes pour donner suite \u00e0 cette affaire<\/em> \u00bb.\u00a0 A la question d\u2019un journaliste de savoir quelles seront les actions futures au cas o\u00f9 la Justice viendrait \u00e0 donner raison au maire B\u00e9ouind\u00e9, Nathana\u00ebl Ou\u00e9draogo a r\u00e9pondu\u00a0: \u00ab\u00a0<em>si M. B\u00e9ouind\u00e9 est d\u00e9clar\u00e9 non coupable, c\u2019est avec plaisir que nous continuerons \u00e0 travailler avec lui. Parce que la Justice est le dernier rempart pour notre coh\u00e9sion sociale. Si la Justice le d\u00e9clare coupable, il faut qu\u2019il r\u00e9ponde de ses faits\u00a0\u00bb<\/em>.<\/p>\n<p class=\"c3\"><strong>Colette DRABO<\/strong><\/p>\n<p><strong>\u00a0<\/strong><\/p>\n<p>Auteur: Le Pays<br \/>\n<a href=\"http:\/\/lepays.bf\/affaire-achat-de-77-vehicules-par-la-mairie-de-ouagadougou\/\">Cliquez ici pour lire l&rsquo;article depuis sa source.<\/a><\/p>\n","protected":false},"excerpt":{"rendered":"<p>72 heures apr\u00e8s la session tendue du conseil municipal de Ouagadougou, les conseillers de l\u2019opposition \u00e9taient face \u00e0 la presse hier, 25 juin 2020, pour d\u00e9noncer la \u00ab\u00a0gestion chaotique\u00a0\u00bb de la capitale par le maire Armand Roland Pierre B\u00e9ouind\u00e9. Pour les conseillers, \u00ab\u00a0il y a eu abus de confiance, faux \u00a0et usage de faux\u00a0\u00bb dans [&hellip;]<\/p>\n","protected":false},"author":1813,"featured_media":0,"comment_status":"closed","ping_status":"closed","sticky":false,"template":"","format":"standard","meta":{"fifu_image_url":"","fifu_image_alt":"","footnotes":""},"categories":[73,81],"tags":[],"class_list":["post-90272","post","type-post","status-publish","format-standard","hentry","category-actualite","category-burkina-faso"],"_links":{"self":[{"href":"https:\/\/linitiative.ca\/International\/wp-json\/wp\/v2\/posts\/90272","targetHints":{"allow":["GET"]}}],"collection":[{"href":"https:\/\/linitiative.ca\/International\/wp-json\/wp\/v2\/posts"}],"about":[{"href":"https:\/\/linitiative.ca\/International\/wp-json\/wp\/v2\/types\/post"}],"author":[{"embeddable":true,"href":"https:\/\/linitiative.ca\/International\/wp-json\/wp\/v2\/users\/1813"}],"replies":[{"embeddable":true,"href":"https:\/\/linitiative.ca\/International\/wp-json\/wp\/v2\/comments?post=90272"}],"version-history":[{"count":0,"href":"https:\/\/linitiative.ca\/International\/wp-json\/wp\/v2\/posts\/90272\/revisions"}],"wp:attachment":[{"href":"https:\/\/linitiative.ca\/International\/wp-json\/wp\/v2\/media?parent=90272"}],"wp:term":[{"taxonomy":"category","embeddable":true,"href":"https:\/\/linitiative.ca\/International\/wp-json\/wp\/v2\/categories?post=90272"},{"taxonomy":"post_tag","embeddable":true,"href":"https:\/\/linitiative.ca\/International\/wp-json\/wp\/v2\/tags?post=90272"}],"curies":[{"name":"wp","href":"https:\/\/api.w.org\/{rel}","templated":true}]}}