{"id":90277,"date":"2020-06-25T19:13:23","date_gmt":"2020-06-25T23:13:23","guid":{"rendered":"https:\/\/linitiative.ca\/International\/insecurite-les-forces-vives-appellent-a-un-redeploiement-des-fds\/"},"modified":"2020-06-25T19:13:23","modified_gmt":"2020-06-25T23:13:23","slug":"insecurite-les-forces-vives-appellent-a-un-redeploiement-des-fds","status":"publish","type":"post","link":"https:\/\/linitiative.ca\/International\/insecurite-les-forces-vives-appellent-a-un-redeploiement-des-fds\/","title":{"rendered":"Ins\u00e9curit\u00e9: les forces vives appellent \u00e0 un red\u00e9ploiement des FDS"},"content":{"rendered":"<div class=\"td-post-featured-image\"><a href=\"https:\/\/www.sidwaya.info\/wp-content\/uploads\/2020\/06\/fvives.jpg\" data-caption=\"\"><img loading=\"lazy\" decoding=\"async\" width=\"696\" height=\"522\" class=\"entry-thumb td-modal-image\" src=\"https:\/\/www.sidwaya.info\/wp-content\/uploads\/2020\/06\/fvives-696x522.jpg\" srcset=\"https:\/\/www.sidwaya.info\/wp-content\/uploads\/2020\/06\/fvives-696x522.jpg 696w, https:\/\/www.sidwaya.info\/wp-content\/uploads\/2020\/06\/fvives-300x225.jpg 300w, https:\/\/www.sidwaya.info\/wp-content\/uploads\/2020\/06\/fvives-768x576.jpg 768w, https:\/\/www.sidwaya.info\/wp-content\/uploads\/2020\/06\/fvives-560x420.jpg 560w, https:\/\/www.sidwaya.info\/wp-content\/uploads\/2020\/06\/fvives-80x60.jpg 80w, https:\/\/www.sidwaya.info\/wp-content\/uploads\/2020\/06\/fvives-265x198.jpg 265w, https:\/\/www.sidwaya.info\/wp-content\/uploads\/2020\/06\/fvives.jpg 787w\" sizes=\"auto, (max-width: 696px) 100vw, 696px\" alt=\"\" title=\"fvives\"\/><\/a><\/div>\n<p><strong>Les forces vives de la Boucle du Mouhoun ont \u00e9chang\u00e9 avec les forces de d\u00e9fense et de s\u00e9curit\u00e9, l\u2019administration et les \u00e9lus nationaux et locaux sur la situation s\u00e9curitaire et des personnes d\u00e9plac\u00e9es internes dans la r\u00e9gion, les 24 et 25 juin 2020. C\u2019\u00e9tait en pr\u00e9sence du pr\u00e9sident de l\u2019Assembl\u00e9e nationale, Alassane Bala Sakand\u00e9.<\/strong><\/p>\n<p>A l\u2019image du CORONATHON organis\u00e9 pour contribuer \u00e0 la lutte contre la pand\u00e9mie de la maladie \u00e0 coronavirus, l\u2019Assembl\u00e9e nationale a initi\u00e9 des tourn\u00e9es dans les cinq r\u00e9gions les plus touch\u00e9es par les attaques terroristes. Cette initiative vise \u00e0 soutenir les Forces de d\u00e9fense et de s\u00e9curit\u00e9 (FDS) et manifester de la solidarit\u00e9 envers les nombreuses familles endeuill\u00e9es et aux personnes d\u00e9plac\u00e9es. Par ces sorties, l\u2019institution, dirig\u00e9e par Alassane Bala Sakand\u00e9, entend faire conna\u00eetre la contribution de la septi\u00e8me l\u00e9gislature \u00e0 la lutte contre le terrorisme au Burkina, appr\u00e9cier les efforts du gouvernement en faveur des personnes d\u00e9plac\u00e9es internes, connaitre les options de la Commission \u00e9lectorale nationale ind\u00e9pendante (CENI) dans l\u2019organisation des \u00e9lections du 22 novembre 2020 dans le contexte d\u2019ins\u00e9curit\u00e9, conna\u00eetre l\u2019\u00e9tat de mise en \u0153uvre de la loi sur les Volontaires pour la d\u00e9fense de la patrie (VDP), et recueillir les pr\u00e9occupations, attentes et propositions des diff\u00e9rentes parties prenantes locales. C\u2019est \u00e0 D\u00e9dougou, dans la Boucle du Mouhoun, que le president Sakand\u00e9 a boucl\u00e9 la boucle de ces tourn\u00e9es, les 24 et 25 juin 2020. Pendant deux jours, les \u00e9lus nationaux et locaux, les repr\u00e9sentants de l\u2019administration, et les FDS ont \u00e9chang\u00e9 sur la situation s\u00e9curitaire et des d\u00e9plac\u00e9s internes. Des recommandations ont \u00e9t\u00e9 formul\u00e9es \u00e0 l\u2019issue de \u00e9changes de la cit\u00e9 de Bankuy, afin de contribuer \u00e0 lutter efficacement contre l\u2019ins\u00e9curit\u00e9 dans la r\u00e9gion, et garantir des meilleures \u00e9lections en novembre 2020. Il s\u2019agit, entre autres, du recrutement et la formation de jeunes dans les zones d\u2019ins\u00e9curit\u00e9 en vue de proc\u00e9der \u00e0 l\u2019enr\u00f4lement sous la supervision de la CENI et des FDS, de la prise d\u2019une d\u00e9cision politique sur le vote des personnes d\u00e9plac\u00e9es internes et de la n\u00e9cessit\u00e9 d\u2019une analyse comparative des chiffres sur l\u2019enr\u00f4lement donn\u00e9s par l\u2019institution \u00e9lectorale pour aider \u00e0 la prise de d\u00e9cision sur la tenue des \u00e9lections.<\/p>\n<p>S\u2019unir pour lutter contre le terrorisme<\/p>\n<div class=\"td-a-rec td-a-rec-id-content_inline tdi_30_04c td_block_template_1\"><img loading=\"lazy\" decoding=\"async\" class=\"aligncenter size-full wp-image-21314\" src=\"https:\/\/www.sidwaya.info\/wp-content\/uploads\/2020\/04\/Bandeau-Covid-19-Sidwaya-1.jpg\" alt=\"\" width=\"790\" height=\"98\"\/><\/div>\n<p>Au sujet d\u2019une meilleure s\u00e9curisation de la r\u00e9gion, les participants de D\u00e9dougou, ont \u00e9mis le v\u0153u d\u2019un red\u00e9ploiement des forces de d\u00e9fense et de s\u00e9curit\u00e9 le long du fleuve Mouhoun pour emp\u00eacher sa travers\u00e9e par les terroristes, l\u2019encadrement des Dozo pour \u00e9viter des d\u00e9rives, le d\u00e9ploiement des VDP sur les sites miniers artisanaux afin d\u2019anticiper dans la lutte contre les attaques terroristes, et l\u2019identification de m\u00e9canismes de protection des fonctionnaires et des \u00e9lus locaux. Des pr\u00e9occupations que le pr\u00e9sident de l\u2019Assembl\u00e9e nationale promet \u00e9tudier et transmettre aux autorit\u00e9s comp\u00e9tentes pour une meilleure prise en compte. \u00ab\u00a0Nous ne sommes pas venus avec un b\u00e2ton magique, nous n\u2019avons ni la pr\u00e9tention de r\u00e9gler les probl\u00e8mes d\u2019ins\u00e9curit\u00e9 dans la Boucle du Mouhoun. Mais nous sommes venus en tant qu\u2019\u00e9lus nationaux, \u00eatre \u00e0 l\u2019\u00e9coute des populations touch\u00e9es par les attaques terroristes. Pendant 48 heures, nous avons donc \u00e9cout\u00e9 et nous avons not\u00e9. A l\u2019issue de ces \u00e9changes, nous allons faire une synth\u00e8se \u00e0 l\u2019attention de l\u2019ensemble des d\u00e9put\u00e9s que nous transmettrons \u00e0 qui de droit\u00a0\u00bb, a indiqu\u00e9 M. Sakand\u00e9. D\u2019ores et d\u00e9j\u00e0, a-t-il poursuivi, les d\u00e9put\u00e9s se feront les d\u00e9fenseurs de toutes les populations prises dans les tenailles de l\u2019ins\u00e9curit\u00e9. Pour conclure, le pr\u00e9sident Sakand\u00e9 a invit\u00e9 les populations sans exclusive \u00e0 \u00eatre des agents de renseignement, car dit-il \u00ab\u00a0partout o\u00f9 les FDS ont fait mouche c\u2019est parce qu\u2019ils ont eu de bons renseignements\u00a0\u00bb. En guise de solidarit\u00e9 aux quelques 32 036 d\u00e9plac\u00e9s internes de la Boucle du Mouhoun, le pr\u00e9sident de l\u2019Assembl\u00e9e nationale a remis au gouverneur de la r\u00e9gion, Si\u00e9 Edgard Sou, 50 tonnes de vivres pour contribuer \u00e0 leur prise en charge.<\/p>\n<p>Kam\u00e9l\u00e9 FAYAMA<\/p>\n<div class=\"td-a-rec td-a-rec-id-content_bottom tdi_31_043 td_block_template_1\"><img loading=\"lazy\" decoding=\"async\" class=\"aligncenter size-full wp-image-22415\" src=\"https:\/\/www.sidwaya.info\/wp-content\/uploads\/2020\/05\/Bandeau-paiement-mobile-site.png\" alt=\"\" width=\"728\" height=\"90\"\/><\/div>\n<p>Auteur: BM. Sidwaya<br \/>\n<a href=\"https:\/\/www.sidwaya.info\/blog\/2020\/06\/25\/insecurite-les-forces-vives-appellent-a-un-redeploiement-des-fds\/\">Cliquez ici pour lire l&rsquo;article depuis sa source.<\/a><\/p>\n","protected":false},"excerpt":{"rendered":"<p>Les forces vives de la Boucle du Mouhoun ont \u00e9chang\u00e9 avec les forces de d\u00e9fense et de s\u00e9curit\u00e9, l\u2019administration et les \u00e9lus nationaux et locaux sur la situation s\u00e9curitaire et des personnes d\u00e9plac\u00e9es internes dans la r\u00e9gion, les 24 et 25 juin 2020. C\u2019\u00e9tait en pr\u00e9sence du pr\u00e9sident de l\u2019Assembl\u00e9e nationale, Alassane Bala Sakand\u00e9. A [&hellip;]<\/p>\n","protected":false},"author":1816,"featured_media":90278,"comment_status":"closed","ping_status":"closed","sticky":false,"template":"","format":"standard","meta":{"fifu_image_url":"","fifu_image_alt":"","footnotes":""},"categories":[73,81],"tags":[],"class_list":["post-90277","post","type-post","status-publish","format-standard","has-post-thumbnail","hentry","category-actualite","category-burkina-faso"],"_links":{"self":[{"href":"https:\/\/linitiative.ca\/International\/wp-json\/wp\/v2\/posts\/90277","targetHints":{"allow":["GET"]}}],"collection":[{"href":"https:\/\/linitiative.ca\/International\/wp-json\/wp\/v2\/posts"}],"about":[{"href":"https:\/\/linitiative.ca\/International\/wp-json\/wp\/v2\/types\/post"}],"author":[{"embeddable":true,"href":"https:\/\/linitiative.ca\/International\/wp-json\/wp\/v2\/users\/1816"}],"replies":[{"embeddable":true,"href":"https:\/\/linitiative.ca\/International\/wp-json\/wp\/v2\/comments?post=90277"}],"version-history":[{"count":0,"href":"https:\/\/linitiative.ca\/International\/wp-json\/wp\/v2\/posts\/90277\/revisions"}],"wp:featuredmedia":[{"embeddable":true,"href":"https:\/\/linitiative.ca\/International\/wp-json\/"}],"wp:attachment":[{"href":"https:\/\/linitiative.ca\/International\/wp-json\/wp\/v2\/media?parent=90277"}],"wp:term":[{"taxonomy":"category","embeddable":true,"href":"https:\/\/linitiative.ca\/International\/wp-json\/wp\/v2\/categories?post=90277"},{"taxonomy":"post_tag","embeddable":true,"href":"https:\/\/linitiative.ca\/International\/wp-json\/wp\/v2\/tags?post=90277"}],"curies":[{"name":"wp","href":"https:\/\/api.w.org\/{rel}","templated":true}]}}