{"id":90279,"date":"2020-06-26T12:19:13","date_gmt":"2020-06-26T16:19:13","guid":{"rendered":"https:\/\/linitiative.ca\/International\/covid-19-le-hadj-2020-annule-pour-les-residents-burkinabe\/"},"modified":"2020-06-26T12:19:13","modified_gmt":"2020-06-26T16:19:13","slug":"covid-19-le-hadj-2020-annule-pour-les-residents-burkinabe","status":"publish","type":"post","link":"https:\/\/linitiative.ca\/International\/covid-19-le-hadj-2020-annule-pour-les-residents-burkinabe\/","title":{"rendered":"Covid-19 : Le Hadj 2020 annul\u00e9 pour les r\u00e9sidents burkinab\u00e9"},"content":{"rendered":"<div class=\"td-post-featured-image\"><a href=\"https:\/\/www.sidwaya.info\/wp-content\/uploads\/2020\/06\/safe_image.jpg\" data-caption=\"\"><img loading=\"lazy\" decoding=\"async\" width=\"540\" height=\"282\" class=\"entry-thumb td-modal-image\" src=\"https:\/\/www.sidwaya.info\/wp-content\/uploads\/2020\/06\/safe_image.jpg\" srcset=\"https:\/\/www.sidwaya.info\/wp-content\/uploads\/2020\/06\/safe_image.jpg 540w, https:\/\/www.sidwaya.info\/wp-content\/uploads\/2020\/06\/safe_image-300x157.jpg 300w\" sizes=\"auto, (max-width: 540px) 100vw, 540px\" alt=\"\" title=\"safe_image\"\/><\/a><\/div>\n<p><strong>Le ministre d\u2019Etat, ministre de l\u2019Administration territoriale, de la D\u00e9centralisation et de la Coh\u00e9sion sociale, Sim\u00e9on Sawadogo a anim\u00e9, le vendredi 26 juin 2020 \u00e0 Ouagadougou, une conf\u00e9rence de presse pour annoncer l\u2019annulation du Hadj 2020 pour les r\u00e9sidents du Burkina.<\/strong><\/p>\n<p>Les p\u00e8lerins r\u00e9sidant au Burkina Faso n\u2019iront pas en Arabie Saoudite cette ann\u00e9e. L\u2019annonce a \u00e9t\u00e9 faite par le ministre d\u2019Etat, ministre de l\u2019Administration territoriale, de la D\u00e9centralisation et de la Coh\u00e9sion sociale, Sim\u00e9on Sawadogo, le vendredi 26 juin 2020 \u00e0 Ouagadougou, lors d\u2019une conf\u00e9rence de presse.<\/p>\n<p>Au cours de ce face \u00e0 face avec les hommes de m\u00e9dias, trois points ont \u00e9t\u00e9 abord\u00e9s.<\/p>\n<div class=\"td-a-rec td-a-rec-id-content_inline tdi_30_6b7 td_block_template_1\"><img loading=\"lazy\" decoding=\"async\" class=\"aligncenter size-full wp-image-21314\" src=\"https:\/\/www.sidwaya.info\/wp-content\/uploads\/2020\/04\/Bandeau-Covid-19-Sidwaya-1.jpg\" alt=\"\" width=\"790\" height=\"98\"\/><\/div>\n<p>Il s\u2019agit de la d\u00e9cision de l\u2019Arabie saoudite relative \u00e0 l\u2019organisation du Hadj 2020, la r\u00e9action du Burkina suite \u00e0 cette d\u00e9cision et les mesures conservatoires\u00a0 d\u00e9coulant de cette situation.<\/p>\n<p>Selon le ministre Sawadogo, l\u2019Ambassadeur de l\u2019Arabie Saoudite au Burkina a inform\u00e9 le gouvernement burkinab\u00e8, par une note verbale du 22 juin 2020, que le Hadj se tiendra, cette ann\u00e9e, avec la participation d\u2019un nombre tr\u00e8s limit\u00e9 de p\u00e8lerins de diverses nationalit\u00e9s.<\/p>\n<p><img loading=\"lazy\" decoding=\"async\" class=\"alignnone wp-image-23825\" src=\"https:\/\/www.sidwaya.info\/wp-content\/uploads\/2020\/06\/hadj-2020-300x169.jpg\" alt=\"\" width=\"401\" height=\"226\" srcset=\"https:\/\/www.sidwaya.info\/wp-content\/uploads\/2020\/06\/hadj-2020-300x169.jpg 300w, https:\/\/www.sidwaya.info\/wp-content\/uploads\/2020\/06\/hadj-2020-696x392.jpg 696w, https:\/\/www.sidwaya.info\/wp-content\/uploads\/2020\/06\/hadj-2020.jpg 720w\" sizes=\"auto, (max-width: 401px) 100vw, 401px\"\/><\/p>\n<p>A \u00e9couter le ministre saoudien de la Oumra et du hadj, a-t-il expliqu\u00e9, cette d\u00e9cision a \u00e9t\u00e9 prise pour pr\u00e9server la s\u00e9curit\u00e9 et la sant\u00e9 publique mondiale.<\/p>\n<p>Sawadogo a indiqu\u00e9, par ailleurs, que le gouvernement burkinab\u00e8 a \u00e9galement mesur\u00e9 la gravit\u00e9 de la situation sanitaire mondiale actuelle.<\/p>\n<p>L\u2019ex\u00e9cutif, a-t-il poursuivi, a donc pris acte de la d\u00e9cision des autorit\u00e9s saoudiennes et a invit\u00e9 les acteurs en charge de la supervision et de l\u2019organisation \u00e0 s\u2019y conformer.<\/p>\n<p>En outre, M. Sawadogo a invit\u00e9 tous les p\u00e8lerins et tous les acteurs concern\u00e9s \u00e0 r\u00e9ajuster leurs programmes et pr\u00e9visions face \u00e0 cette nouvelle situation.<\/p>\n<p>Il a, toutefois, d\u00e9clar\u00e9 que des mesures ont \u00e9t\u00e9 envisag\u00e9es pour permettre aux inscrits du hadj 2020 d\u2019\u00eatre consid\u00e9r\u00e9s comme prioritaires pour la prochaine \u00e9dition en 2021.<\/p>\n<p>La plateforme d\u2019inscription du comit\u00e9 de suivi, a pr\u00e9cis\u00e9 le ministre Sawadogo, doit \u00eatre aussi activ\u00e9e pour \u00e9tablir la liste d\u00e9finitive des pr\u00e9tendants au Hadj 2020 avant la Tabaski.<\/p>\n<p>\u00ab<em>Les sommes d\u00e9j\u00e0 vers\u00e9es\u00a0 doivent \u00eatre s\u00e9curis\u00e9es dans les agences au niveau du comit\u00e9. La liste des agences de voyage agr\u00e9\u00e9es sera publi\u00e9e officiellement\u00a0<\/em>\u00bb, a-t-il annonc\u00e9 avant les \u00e9changes avec la presse.<\/p>\n<p>A la question de connaitre le sort r\u00e9serv\u00e9 aux p\u00e8lerins inscrits qui ne souhaiteront pas participer \u00e0 la prochaine \u00e9dition, \u00a0le pr\u00e9sident du comit\u00e9 de suivi, El Hadj Abdoul Moumine Zoundi Ilboudo\u00a0 a rassur\u00e9 qu\u2019un d\u00e9dommagement\u00a0 sera pr\u00e9vu pour ces personnes.<\/p>\n<p class=\"c1\"><strong>Jean Philippe Sawadogo (Stagiaire)<\/strong><\/p>\n<div class=\"td-a-rec td-a-rec-id-content_bottom tdi_31_eb5 td_block_template_1\"><img loading=\"lazy\" decoding=\"async\" class=\"aligncenter size-full wp-image-22415\" src=\"https:\/\/www.sidwaya.info\/wp-content\/uploads\/2020\/05\/Bandeau-paiement-mobile-site.png\" alt=\"\" width=\"728\" height=\"90\"\/><\/div>\n<p>Auteur: Wamini SIDWAYA<br \/>\n<a href=\"https:\/\/www.sidwaya.info\/blog\/2020\/06\/26\/covid-19-le-hadj-2020-annule-pour-les-residents-burkinabe\/\">Cliquez ici pour lire l&rsquo;article depuis sa source.<\/a><\/p>\n","protected":false},"excerpt":{"rendered":"<p>Le ministre d\u2019Etat, ministre de l\u2019Administration territoriale, de la D\u00e9centralisation et de la Coh\u00e9sion sociale, Sim\u00e9on Sawadogo a anim\u00e9, le vendredi 26 juin 2020 \u00e0 Ouagadougou, une conf\u00e9rence de presse pour annoncer l\u2019annulation du Hadj 2020 pour les r\u00e9sidents du Burkina. Les p\u00e8lerins r\u00e9sidant au Burkina Faso n\u2019iront pas en Arabie Saoudite cette ann\u00e9e. L\u2019annonce [&hellip;]<\/p>\n","protected":false},"author":1816,"featured_media":90280,"comment_status":"closed","ping_status":"closed","sticky":false,"template":"","format":"standard","meta":{"fifu_image_url":"","fifu_image_alt":"","footnotes":""},"categories":[73,81],"tags":[],"class_list":["post-90279","post","type-post","status-publish","format-standard","has-post-thumbnail","hentry","category-actualite","category-burkina-faso"],"_links":{"self":[{"href":"https:\/\/linitiative.ca\/International\/wp-json\/wp\/v2\/posts\/90279","targetHints":{"allow":["GET"]}}],"collection":[{"href":"https:\/\/linitiative.ca\/International\/wp-json\/wp\/v2\/posts"}],"about":[{"href":"https:\/\/linitiative.ca\/International\/wp-json\/wp\/v2\/types\/post"}],"author":[{"embeddable":true,"href":"https:\/\/linitiative.ca\/International\/wp-json\/wp\/v2\/users\/1816"}],"replies":[{"embeddable":true,"href":"https:\/\/linitiative.ca\/International\/wp-json\/wp\/v2\/comments?post=90279"}],"version-history":[{"count":0,"href":"https:\/\/linitiative.ca\/International\/wp-json\/wp\/v2\/posts\/90279\/revisions"}],"wp:featuredmedia":[{"embeddable":true,"href":"https:\/\/linitiative.ca\/International\/wp-json\/"}],"wp:attachment":[{"href":"https:\/\/linitiative.ca\/International\/wp-json\/wp\/v2\/media?parent=90279"}],"wp:term":[{"taxonomy":"category","embeddable":true,"href":"https:\/\/linitiative.ca\/International\/wp-json\/wp\/v2\/categories?post=90279"},{"taxonomy":"post_tag","embeddable":true,"href":"https:\/\/linitiative.ca\/International\/wp-json\/wp\/v2\/tags?post=90279"}],"curies":[{"name":"wp","href":"https:\/\/api.w.org\/{rel}","templated":true}]}}