{"id":90281,"date":"2020-06-26T10:18:05","date_gmt":"2020-06-26T14:18:05","guid":{"rendered":"https:\/\/linitiative.ca\/International\/pluies-diluviennes-des-risques-de-perturbation-de-la-fourniture-deau-et-delectricite-a-abidjan\/"},"modified":"2020-06-26T10:18:05","modified_gmt":"2020-06-26T14:18:05","slug":"pluies-diluviennes-des-risques-de-perturbation-de-la-fourniture-deau-et-delectricite-a-abidjan","status":"publish","type":"post","link":"https:\/\/linitiative.ca\/International\/pluies-diluviennes-des-risques-de-perturbation-de-la-fourniture-deau-et-delectricite-a-abidjan\/","title":{"rendered":"Pluies diluviennes : des risques de perturbation de la fourniture d\u2019eau et d\u2019\u00e9lectricit\u00e9 \u00e0 Abidjan"},"content":{"rendered":"<div readability=\"32\">\n<p>Publi\u00e9 le 26.06.2020 \u00e0 15h18 par APA News<\/p>\n<\/div>\n<div readability=\"66\">\n<p>Les pluies diluviennes et les conditions m\u00e9t\u00e9orologiques actuelles pourraient entra\u00eener des perturbations de la fourniture d\u2019\u00e9lectricit\u00e9 dans plusieurs quartiers d\u2019Abidjan, annonce vendredi la Compagnie ivoirienne d\u2019\u00e9lectricit\u00e9 (CIE) dans un communiqu\u00e9 transmis \u00e0 APA.\u00abLes intemp\u00e9ries et \u00a0conditions m\u00e9t\u00e9orologiques actuelles pourraient entra\u00eener dans plusieurs zones de la ville d\u2019Abidjan, des perturbations de la fourniture d\u2019\u00e9lectricit\u00e9\u00bb, pr\u00e9vient la Compagnie, assurant que ses services restent mobilis\u00e9es 24\/24.<\/p>\n<p>\u00ab La CIE pr\u00e9sente ses excuses pour les d\u00e9sagr\u00e9ments ind\u00e9pendants de sa volont\u00e9 et vous prie de respecter les \u00a0consignes de s\u00e9curit\u00e9 pour \u00e9viter les risques \u00e9lectriques en cette saison des pluies\u00bb, indique \u00e9galement le communiqu\u00e9.<\/p>\n<p>La CIE souligne par ailleurs que suite aux fortes pluies enregistr\u00e9es ces derni\u00e8res 24h dans la capitale \u00e9conomique ivoirienne, ces op\u00e9rations de d\u00e9pannage sont fortement ralenties.<\/p>\n<p>Dans un autre communiqu\u00e9, la Soci\u00e9t\u00e9 de distribution d\u2019eau de C\u00f4te d\u2019Ivoire (SODECI) annonce elle-aussi des perturbations dans la desserte d\u2019eau potable dans plusieurs quartiers d\u2019Abidjan en raison des pluies diluviennes. Il s\u2019agit des quartiers des II-Plateaux Vallons, Sococ\u00e9, Commandant Sanon, Adjam\u00e9 Paillet, Abobo Zoo, Dokui et Agban.<\/p>\n<p>\u00ab Nos \u00e9quipes techniques sont mobilis\u00e9es pour un r\u00e9tablissement de la desserte d\u2019eau dans les meilleurs d\u00e9lais \u00bb, assure la SODECI. Depuis quelques jours, des pluies diluviennes qui arrosent la capitale \u00e9conomique ivoirienne ont \u00a0fait une vingtaine de morts avec 17 \u00e0 Anyama et au moins 5 \u00e0 Abidjan.<\/p>\n<\/div>\n<p>Auteur: APA News<br \/>\n<a href=\"https:\/\/www.journalducameroun.com\/pluies-diluviennes-des-risques-de-perturbation-de-la-fourniture-deau-et-delectricite-a-abidjan\/\">Cliquez ici pour lire l&rsquo;article depuis sa source.<\/a><\/p>\n","protected":false},"excerpt":{"rendered":"<p>Publi\u00e9 le 26.06.2020 \u00e0 15h18 par APA News Les pluies diluviennes et les conditions m\u00e9t\u00e9orologiques actuelles pourraient entra\u00eener des perturbations de la fourniture d\u2019\u00e9lectricit\u00e9 dans plusieurs quartiers d\u2019Abidjan, annonce vendredi la Compagnie ivoirienne d\u2019\u00e9lectricit\u00e9 (CIE) dans un communiqu\u00e9 transmis \u00e0 APA.\u00abLes intemp\u00e9ries et \u00a0conditions m\u00e9t\u00e9orologiques actuelles pourraient entra\u00eener dans plusieurs zones de la ville d\u2019Abidjan, [&hellip;]<\/p>\n","protected":false},"author":1965,"featured_media":0,"comment_status":"closed","ping_status":"closed","sticky":false,"template":"","format":"standard","meta":{"fifu_image_url":"","fifu_image_alt":"","footnotes":""},"categories":[73,82],"tags":[],"class_list":["post-90281","post","type-post","status-publish","format-standard","hentry","category-actualite","category-cameroun"],"_links":{"self":[{"href":"https:\/\/linitiative.ca\/International\/wp-json\/wp\/v2\/posts\/90281","targetHints":{"allow":["GET"]}}],"collection":[{"href":"https:\/\/linitiative.ca\/International\/wp-json\/wp\/v2\/posts"}],"about":[{"href":"https:\/\/linitiative.ca\/International\/wp-json\/wp\/v2\/types\/post"}],"author":[{"embeddable":true,"href":"https:\/\/linitiative.ca\/International\/wp-json\/wp\/v2\/users\/1965"}],"replies":[{"embeddable":true,"href":"https:\/\/linitiative.ca\/International\/wp-json\/wp\/v2\/comments?post=90281"}],"version-history":[{"count":0,"href":"https:\/\/linitiative.ca\/International\/wp-json\/wp\/v2\/posts\/90281\/revisions"}],"wp:attachment":[{"href":"https:\/\/linitiative.ca\/International\/wp-json\/wp\/v2\/media?parent=90281"}],"wp:term":[{"taxonomy":"category","embeddable":true,"href":"https:\/\/linitiative.ca\/International\/wp-json\/wp\/v2\/categories?post=90281"},{"taxonomy":"post_tag","embeddable":true,"href":"https:\/\/linitiative.ca\/International\/wp-json\/wp\/v2\/tags?post=90281"}],"curies":[{"name":"wp","href":"https:\/\/api.w.org\/{rel}","templated":true}]}}