{"id":90282,"date":"2020-06-26T10:18:09","date_gmt":"2020-06-26T14:18:09","guid":{"rendered":"https:\/\/linitiative.ca\/International\/le-nigeria-condamne-lattaque-de-son-ambassade-en-indonesie\/"},"modified":"2020-06-26T10:18:09","modified_gmt":"2020-06-26T14:18:09","slug":"le-nigeria-condamne-lattaque-de-son-ambassade-en-indonesie","status":"publish","type":"post","link":"https:\/\/linitiative.ca\/International\/le-nigeria-condamne-lattaque-de-son-ambassade-en-indonesie\/","title":{"rendered":"Le Nig\u00e9ria condamne l\u2019attaque de son ambassade en Indon\u00e9sie"},"content":{"rendered":"<div readability=\"32\">\n<p>Publi\u00e9 le 26.06.2020 \u00e0 15h18 par APA News<\/p>\n<\/div>\n<div readability=\"48\">\n<p>Le ministre des Affaires \u00e9trang\u00e8res, Geoffrey Onyeama, a condamn\u00e9 l\u2019attaque de l\u2019ambassade du Nigeria \u00e0 Jakarta, en Indon\u00e9sie, par des ressortissants Nig\u00e9rians qui se plaignent de la discrimination et de la violation de leurs droits par les fonctionnaires indon\u00e9siens de l\u2019immigration.Le ministre Onyeama a d\u00e9clar\u00e9 dans un tweet qu\u2019il n\u2019y avait aucune justification \u00e0 cette attaque.<\/p>\n<p>Selon la cha\u00eene de t\u00e9l\u00e9vision nig\u00e9riane Channels Television qui cite le ministre, une enqu\u00eate a \u00e9t\u00e9 ouverte pour identifier les responsables de cet incident \u00ab honteux \u00bb et les punir en cons\u00e9quence.<\/p>\n<p>\u00ab\u00a0Attaquer l\u2019ambassade du Nigeria est un comportement absolument d\u00e9plorable et honteux\u00a0\u00bb, a d\u00e9clar\u00e9 le ministre.<\/p>\n<\/div>\n<p>Auteur: APA News<br \/>\n<a href=\"https:\/\/www.journalducameroun.com\/le-nigeria-condamne-lattaque-de-son-ambassade-en-indonesie\/\">Cliquez ici pour lire l&rsquo;article depuis sa source.<\/a><\/p>\n","protected":false},"excerpt":{"rendered":"<p>Publi\u00e9 le 26.06.2020 \u00e0 15h18 par APA News Le ministre des Affaires \u00e9trang\u00e8res, Geoffrey Onyeama, a condamn\u00e9 l\u2019attaque de l\u2019ambassade du Nigeria \u00e0 Jakarta, en Indon\u00e9sie, par des ressortissants Nig\u00e9rians qui se plaignent de la discrimination et de la violation de leurs droits par les fonctionnaires indon\u00e9siens de l\u2019immigration.Le ministre Onyeama a d\u00e9clar\u00e9 dans un [&hellip;]<\/p>\n","protected":false},"author":1965,"featured_media":0,"comment_status":"closed","ping_status":"closed","sticky":false,"template":"","format":"standard","meta":{"fifu_image_url":"","fifu_image_alt":"","footnotes":""},"categories":[73,82],"tags":[],"class_list":["post-90282","post","type-post","status-publish","format-standard","hentry","category-actualite","category-cameroun"],"_links":{"self":[{"href":"https:\/\/linitiative.ca\/International\/wp-json\/wp\/v2\/posts\/90282","targetHints":{"allow":["GET"]}}],"collection":[{"href":"https:\/\/linitiative.ca\/International\/wp-json\/wp\/v2\/posts"}],"about":[{"href":"https:\/\/linitiative.ca\/International\/wp-json\/wp\/v2\/types\/post"}],"author":[{"embeddable":true,"href":"https:\/\/linitiative.ca\/International\/wp-json\/wp\/v2\/users\/1965"}],"replies":[{"embeddable":true,"href":"https:\/\/linitiative.ca\/International\/wp-json\/wp\/v2\/comments?post=90282"}],"version-history":[{"count":0,"href":"https:\/\/linitiative.ca\/International\/wp-json\/wp\/v2\/posts\/90282\/revisions"}],"wp:attachment":[{"href":"https:\/\/linitiative.ca\/International\/wp-json\/wp\/v2\/media?parent=90282"}],"wp:term":[{"taxonomy":"category","embeddable":true,"href":"https:\/\/linitiative.ca\/International\/wp-json\/wp\/v2\/categories?post=90282"},{"taxonomy":"post_tag","embeddable":true,"href":"https:\/\/linitiative.ca\/International\/wp-json\/wp\/v2\/tags?post=90282"}],"curies":[{"name":"wp","href":"https:\/\/api.w.org\/{rel}","templated":true}]}}