{"id":90283,"date":"2020-06-26T11:18:05","date_gmt":"2020-06-26T15:18:05","guid":{"rendered":"https:\/\/linitiative.ca\/International\/cote-divoire-une-quarantaine-de-box-consumee-dans-un-incendie-au-grand-marche-dabobo\/"},"modified":"2020-06-26T11:18:05","modified_gmt":"2020-06-26T15:18:05","slug":"cote-divoire-une-quarantaine-de-box-consumee-dans-un-incendie-au-grand-marche-dabobo","status":"publish","type":"post","link":"https:\/\/linitiative.ca\/International\/cote-divoire-une-quarantaine-de-box-consumee-dans-un-incendie-au-grand-marche-dabobo\/","title":{"rendered":"C\u00f4te d\u2019Ivoire: une quarantaine de box consum\u00e9e dans un incendie au grand march\u00e9 d\u2019Abobo"},"content":{"rendered":"<div readability=\"32\">\n<p>Publi\u00e9 le 26.06.2020 \u00e0 16h18 par APA News<\/p>\n<\/div>\n<div readability=\"43\">\n<p>Un incendie qui s\u2019est d\u00e9clar\u00e9 dans la nuit de jeudi \u00e0 vendredi au grand march\u00e9 d\u2019Abobo, un quartier populaire au Nord d\u2019Abidjan, a fait de nombreux d\u00e9g\u00e2ts mat\u00e9riels dont une quarantaine de box consum\u00e9e par le feu, a appris APA vendredi aupr\u00e8s de la mairie de cette commune.Cet incendie qui est survenu aux environs de 03h du matin ( heure locale et GMT) a \u00e9t\u00e9 \u00e9t\u00e9 promptement circonscrit par les sapeurs pompiers militaires et la police municipale. Aucune \u00a0perte en vie humaine n\u2019a \u00e9t\u00e9 enregistr\u00e9e.\u00a0<\/p>\n<p>En septembre 2017, rappelle-t-on, un grave incendie \u00a0avait d\u00e9vast\u00e9 les deux tiers des installations du grand march\u00e9 d\u2019Abobo plongeant dans la d\u00e9tresse des milliers de commer\u00e7ants.<\/p>\n<\/div>\n<p>Auteur: APA News<br \/>\n<a href=\"https:\/\/www.journalducameroun.com\/cote-divoire-une-quarantaine-de-box-consumee-dans-un-incendie-au-grand-marche-dabobo\/\">Cliquez ici pour lire l&rsquo;article depuis sa source.<\/a><\/p>\n","protected":false},"excerpt":{"rendered":"<p>Publi\u00e9 le 26.06.2020 \u00e0 16h18 par APA News Un incendie qui s\u2019est d\u00e9clar\u00e9 dans la nuit de jeudi \u00e0 vendredi au grand march\u00e9 d\u2019Abobo, un quartier populaire au Nord d\u2019Abidjan, a fait de nombreux d\u00e9g\u00e2ts mat\u00e9riels dont une quarantaine de box consum\u00e9e par le feu, a appris APA vendredi aupr\u00e8s de la mairie de cette [&hellip;]<\/p>\n","protected":false},"author":1965,"featured_media":0,"comment_status":"closed","ping_status":"closed","sticky":false,"template":"","format":"standard","meta":{"fifu_image_url":"","fifu_image_alt":"","footnotes":""},"categories":[73,82],"tags":[],"class_list":["post-90283","post","type-post","status-publish","format-standard","hentry","category-actualite","category-cameroun"],"_links":{"self":[{"href":"https:\/\/linitiative.ca\/International\/wp-json\/wp\/v2\/posts\/90283","targetHints":{"allow":["GET"]}}],"collection":[{"href":"https:\/\/linitiative.ca\/International\/wp-json\/wp\/v2\/posts"}],"about":[{"href":"https:\/\/linitiative.ca\/International\/wp-json\/wp\/v2\/types\/post"}],"author":[{"embeddable":true,"href":"https:\/\/linitiative.ca\/International\/wp-json\/wp\/v2\/users\/1965"}],"replies":[{"embeddable":true,"href":"https:\/\/linitiative.ca\/International\/wp-json\/wp\/v2\/comments?post=90283"}],"version-history":[{"count":0,"href":"https:\/\/linitiative.ca\/International\/wp-json\/wp\/v2\/posts\/90283\/revisions"}],"wp:attachment":[{"href":"https:\/\/linitiative.ca\/International\/wp-json\/wp\/v2\/media?parent=90283"}],"wp:term":[{"taxonomy":"category","embeddable":true,"href":"https:\/\/linitiative.ca\/International\/wp-json\/wp\/v2\/categories?post=90283"},{"taxonomy":"post_tag","embeddable":true,"href":"https:\/\/linitiative.ca\/International\/wp-json\/wp\/v2\/tags?post=90283"}],"curies":[{"name":"wp","href":"https:\/\/api.w.org\/{rel}","templated":true}]}}