{"id":90284,"date":"2020-06-26T13:18:05","date_gmt":"2020-06-26T17:18:05","guid":{"rendered":"https:\/\/linitiative.ca\/International\/lagence-moodys-sceptique-quant-a-la-stabilisation-de-la-dette-sud-africaine\/"},"modified":"2020-06-26T13:18:05","modified_gmt":"2020-06-26T17:18:05","slug":"lagence-moodys-sceptique-quant-a-la-stabilisation-de-la-dette-sud-africaine","status":"publish","type":"post","link":"https:\/\/linitiative.ca\/International\/lagence-moodys-sceptique-quant-a-la-stabilisation-de-la-dette-sud-africaine\/","title":{"rendered":"L\u2019agence Moody\u2019s sceptique quant \u00e0 la stabilisation de la dette sud-africaine"},"content":{"rendered":"<div readability=\"32\">\n<p>Publi\u00e9 le 26.06.2020 \u00e0 18h18 par APA News<\/p>\n<\/div>\n<div readability=\"71\">\n<p>L\u2019agence de notation mondiale Moody\u2019s a exprim\u00e9 son scepticisme quant aux efforts de l\u2019Afrique du Sud pour stabiliser en quatre ans son \u00e9conomie touch\u00e9e par la r\u00e9cession et le coronavirus, comme le pr\u00e9voit Pretoria, a d\u00e9clar\u00e9 l\u2019agence vendredi.Selon Moody\u2019s, \u00ab il sera extr\u00eamement difficile \u00bb pour le gouvernement du pr\u00e9sident Cyril Ramaphosa de stabiliser rapidement la situation compte tenu de la dette croissante du pays, exacerb\u00e9e par la pand\u00e9mie et le confinement national en cours.<\/p>\n<p>\u00a0Le ministre des Finances Tito Mboweni a pr\u00e9sent\u00e9 cette semaine un budget suppl\u00e9mentaire qui pr\u00e9voit un d\u00e9ficit budg\u00e9taire plus important, alors que la dette publique est estim\u00e9e \u00e0 plus de trois quarts du produit int\u00e9rieur brut \u00e0 moyen terme.<\/p>\n<p>\u00a0La solution \u00e0 ce probl\u00e8me a \u00e9t\u00e9 que l\u2019Afrique du Sud emprunte des fonds aupr\u00e8s d\u2019organisations financi\u00e8res internationales telles que la Nouvelle Banque de d\u00e9veloppement du BRICS et un pr\u00eat redout\u00e9 de 4,2 milliards de dollars du Fonds mon\u00e9taire international est devenu une pomme de discorde entre les partenaires du gouvernement.<\/p>\n<p>\u00a0Le parti communiste sud-africain (SACP), partenaire d\u2019alliance du Congr\u00e8s national africain (ANC) au pouvoir, et plusieurs l\u00e9gislateurs ont \u00e9mis\u00a0des r\u00e9serves sur la d\u00e9cision de Mboweni de garantir ces pr\u00eats, affirmant que cela compromettrait la souverainet\u00e9 du pays. \u00a0<\/p>\n<p>\u00a0Leur argument est que des conditions telles que les ajustements structurels, qui accompagnent normalement les pr\u00eats du FMI, ont par le pass\u00e9 mis en faillite leurs b\u00e9n\u00e9ficiaires.<\/p>\n<p>\u00a0Mais le ministre a d\u00e9clar\u00e9 que le pr\u00eat qu\u2019il demandait au FMI ne serait pas assorti de telles conditions, ajoutant que le pays devait mobiliser toutes les ressources disponibles afin de stimuler la croissance.\u00a0<\/p>\n<p>\u00a0L\u2019\u00e9conomie sud-africaine \u00e9tait en r\u00e9cession avant la pand\u00e9mie de coronavirus et Mboweni pr\u00e9voyait une contraction de 7,2% de l\u2019\u00e9conomie en 2020.<\/p>\n<\/div>\n<p>Auteur: APA News<br \/>\n<a href=\"https:\/\/www.journalducameroun.com\/lagence-moodys-sceptique-quant-a-la-stabilisation-de-la-dette-sud-africaine\/\">Cliquez ici pour lire l&rsquo;article depuis sa source.<\/a><\/p>\n","protected":false},"excerpt":{"rendered":"<p>Publi\u00e9 le 26.06.2020 \u00e0 18h18 par APA News L\u2019agence de notation mondiale Moody\u2019s a exprim\u00e9 son scepticisme quant aux efforts de l\u2019Afrique du Sud pour stabiliser en quatre ans son \u00e9conomie touch\u00e9e par la r\u00e9cession et le coronavirus, comme le pr\u00e9voit Pretoria, a d\u00e9clar\u00e9 l\u2019agence vendredi.Selon Moody\u2019s, \u00ab il sera extr\u00eamement difficile \u00bb pour le [&hellip;]<\/p>\n","protected":false},"author":1965,"featured_media":0,"comment_status":"closed","ping_status":"closed","sticky":false,"template":"","format":"standard","meta":{"fifu_image_url":"","fifu_image_alt":"","footnotes":""},"categories":[73,82],"tags":[],"class_list":["post-90284","post","type-post","status-publish","format-standard","hentry","category-actualite","category-cameroun"],"_links":{"self":[{"href":"https:\/\/linitiative.ca\/International\/wp-json\/wp\/v2\/posts\/90284","targetHints":{"allow":["GET"]}}],"collection":[{"href":"https:\/\/linitiative.ca\/International\/wp-json\/wp\/v2\/posts"}],"about":[{"href":"https:\/\/linitiative.ca\/International\/wp-json\/wp\/v2\/types\/post"}],"author":[{"embeddable":true,"href":"https:\/\/linitiative.ca\/International\/wp-json\/wp\/v2\/users\/1965"}],"replies":[{"embeddable":true,"href":"https:\/\/linitiative.ca\/International\/wp-json\/wp\/v2\/comments?post=90284"}],"version-history":[{"count":0,"href":"https:\/\/linitiative.ca\/International\/wp-json\/wp\/v2\/posts\/90284\/revisions"}],"wp:attachment":[{"href":"https:\/\/linitiative.ca\/International\/wp-json\/wp\/v2\/media?parent=90284"}],"wp:term":[{"taxonomy":"category","embeddable":true,"href":"https:\/\/linitiative.ca\/International\/wp-json\/wp\/v2\/categories?post=90284"},{"taxonomy":"post_tag","embeddable":true,"href":"https:\/\/linitiative.ca\/International\/wp-json\/wp\/v2\/tags?post=90284"}],"curies":[{"name":"wp","href":"https:\/\/api.w.org\/{rel}","templated":true}]}}