{"id":90285,"date":"2020-06-26T15:18:05","date_gmt":"2020-06-26T19:18:05","guid":{"rendered":"https:\/\/linitiative.ca\/International\/rwanda-reintroduction-du-confinement-dans-certaines-parties-de-kigali\/"},"modified":"2020-06-26T15:18:05","modified_gmt":"2020-06-26T19:18:05","slug":"rwanda-reintroduction-du-confinement-dans-certaines-parties-de-kigali","status":"publish","type":"post","link":"https:\/\/linitiative.ca\/International\/rwanda-reintroduction-du-confinement-dans-certaines-parties-de-kigali\/","title":{"rendered":"Rwanda: R\u00e9introduction du confinement dans certaines parties de Kigali"},"content":{"rendered":"<div readability=\"32\">\n<p>Publi\u00e9 le 26.06.2020 \u00e0 20h18 par APA News<\/p>\n<\/div>\n<div readability=\"53\">\n<p>Les restrictions du confinement qui avaient \u00e9t\u00e9 assouplies \u00e0 Kigali la semaine derni\u00e8re ont \u00e9t\u00e9 r\u00e9introduites dans certaines parties de la capitale rwandaise.Les autorit\u00e9s de la ville ont ordonn\u00e9 aux habitants de rester chez eux dans certains quartiers de Kigali apr\u00e8s une recrudescence de nouveaux cas de coronavirus jeudi.<\/p>\n<p>\u00a0Les zones touch\u00e9es par les nouvelles mesures de confinement annonc\u00e9es par le minist\u00e8re de l\u2019Int\u00e9rieur sont les districts de Kicukiro et Nyarugenge, o\u00f9 il est conseill\u00e9 aux r\u00e9sidents de rester chez eux pendant au moins 15 jours, \u00e0 partir de jeudi.<\/p>\n<p>\u00a0Le minist\u00e8re a d\u00e9clar\u00e9 qu\u2019il r\u00e9introduisait la quarantaine gr\u00e2ce aux conseils professionnels des fonctionnaires du minist\u00e8re de la Sant\u00e9, qui lui ont conseill\u00e9 d\u2019\u00eatre prudent apr\u00e8s que 21 nouveaux cas ont \u00e9t\u00e9 confirm\u00e9s dans la capitale, depuis le week-end dernier.<\/p>\n<p>\u00a0Le Rwanda, premier pays d\u2019Afrique \u00e0 introduire le confinement en mars, compte 850 cas de coronavirus, dont 385 gu\u00e9ris et deux sont morts.<\/p>\n<\/div>\n<p>Auteur: APA News<br \/>\n<a href=\"https:\/\/www.journalducameroun.com\/rwanda-reintroduction-du-confinement-dans-certaines-parties-de-kigali\/\">Cliquez ici pour lire l&rsquo;article depuis sa source.<\/a><\/p>\n","protected":false},"excerpt":{"rendered":"<p>Publi\u00e9 le 26.06.2020 \u00e0 20h18 par APA News Les restrictions du confinement qui avaient \u00e9t\u00e9 assouplies \u00e0 Kigali la semaine derni\u00e8re ont \u00e9t\u00e9 r\u00e9introduites dans certaines parties de la capitale rwandaise.Les autorit\u00e9s de la ville ont ordonn\u00e9 aux habitants de rester chez eux dans certains quartiers de Kigali apr\u00e8s une recrudescence de nouveaux cas de [&hellip;]<\/p>\n","protected":false},"author":1965,"featured_media":0,"comment_status":"closed","ping_status":"closed","sticky":false,"template":"","format":"standard","meta":{"fifu_image_url":"","fifu_image_alt":"","footnotes":""},"categories":[73,82],"tags":[],"class_list":["post-90285","post","type-post","status-publish","format-standard","hentry","category-actualite","category-cameroun"],"_links":{"self":[{"href":"https:\/\/linitiative.ca\/International\/wp-json\/wp\/v2\/posts\/90285","targetHints":{"allow":["GET"]}}],"collection":[{"href":"https:\/\/linitiative.ca\/International\/wp-json\/wp\/v2\/posts"}],"about":[{"href":"https:\/\/linitiative.ca\/International\/wp-json\/wp\/v2\/types\/post"}],"author":[{"embeddable":true,"href":"https:\/\/linitiative.ca\/International\/wp-json\/wp\/v2\/users\/1965"}],"replies":[{"embeddable":true,"href":"https:\/\/linitiative.ca\/International\/wp-json\/wp\/v2\/comments?post=90285"}],"version-history":[{"count":0,"href":"https:\/\/linitiative.ca\/International\/wp-json\/wp\/v2\/posts\/90285\/revisions"}],"wp:attachment":[{"href":"https:\/\/linitiative.ca\/International\/wp-json\/wp\/v2\/media?parent=90285"}],"wp:term":[{"taxonomy":"category","embeddable":true,"href":"https:\/\/linitiative.ca\/International\/wp-json\/wp\/v2\/categories?post=90285"},{"taxonomy":"post_tag","embeddable":true,"href":"https:\/\/linitiative.ca\/International\/wp-json\/wp\/v2\/tags?post=90285"}],"curies":[{"name":"wp","href":"https:\/\/api.w.org\/{rel}","templated":true}]}}