{"id":90292,"date":"2020-06-27T10:00:57","date_gmt":"2020-06-27T14:00:57","guid":{"rendered":"https:\/\/linitiative.ca\/International\/entretien-avec-rachid-amahjour-le-palais-de-la-culture-et-des-arts-est-un-beau-bijou-architectural-et-culturel\/"},"modified":"2020-06-27T10:00:57","modified_gmt":"2020-06-27T14:00:57","slug":"entretien-avec-rachid-amahjour-le-palais-de-la-culture-et-des-arts-est-un-beau-bijou-architectural-et-culturel","status":"publish","type":"post","link":"https:\/\/linitiative.ca\/International\/entretien-avec-rachid-amahjour-le-palais-de-la-culture-et-des-arts-est-un-beau-bijou-architectural-et-culturel\/","title":{"rendered":"Entretien avec Rachid Amahjour : \u00abLe palais  de la culture et des arts est un beau bijou architectural  et culturel\u00bb"},"content":{"rendered":"<p><img decoding=\"async\" class=\"post_layout_5_img\" src=\"http:\/\/aujourdhui.ma\/wp-content\/uploads\/2020\/06\/Rachid-Amahjour.jpg\" alt=\"Entretien avec Rachid Amahjour : &#xAB;Le palais de la culture et des arts est un beau bijou architectural et culturel&#xBB;\"\/><\/p>\n<p><span class=\"c5\"><strong>Dans cet entretien, Rachid Amahjour, directeur du nouveau Palais de la culture et des arts, d\u00e9finit la mission essentielle de ce projet, dont l\u2019ouverture officielle est pr\u00e9vue pendant la prochaine saison 2020-2021.<\/strong><\/span> <span id=\"more-349016\"\/><\/p>\n<p><strong>ALM : O\u00f9 en sont les pr\u00e9paratifs pour l\u2019ouverture du palais de la culture et des arts au public ?<\/strong><\/p>\n<p><strong>Rachid Amahjour :<\/strong> Malgr\u00e9 la crise sanitaire, li\u00e9e \u00e0 la pand\u00e9mie Covid-19, le minist\u00e8re de tutelle a pu maintenir sous la supervision du wali de la r\u00e9gion le rythme du chantier des projets culturels majeurs dans le Nord. Parmi lesquels figure celui du palais des arts et de la culture, qui s\u2019inscrit dans le cadre du programme royal Tanger-M\u00e9tropole. Ce projet conna\u00eet actuellement ses derni\u00e8res retouches et finitions et l\u2019ouverture officielle est pr\u00e9vue pendant la prochaine saison de la culture et des arts 2020-2021.<\/p>\n<p><strong>Quelle est la mission essentielle de ce nouvel \u00e9tablissement ?<\/strong><\/p>\n<p>Comme vous le savez, le nouveau palais des arts et de la culture est un gigantesque b\u00e2timent avec plusieurs pavillons dont chacun aura sa mission bien pr\u00e9cise et trac\u00e9e d\u2019avance. Il y a lieu de signaler que ce projet n\u2019est pas r\u00e9alis\u00e9 pour reproduire les programmes des maisons de la culture et des complexes culturels d\u00e9j\u00e0 op\u00e9rationnels et r\u00e9partis dans toutes les villes du Maroc, mais pour jouer un r\u00f4le essentiel dans la formation et l\u2019exp\u00e9rimentation artistique (danse, musique et chant, spectacles et performances, arts plastiques, visuels et num\u00e9riques), de la programmation de spectacles, des festivals, des rencontres, des colloques et des d\u00e9bats pluridisciplinaires, des expositions, de la production culturelle et artistique, \u2026<\/p>\n<p><strong>Qu\u2019est-ce qui distingue ce palais des autres projets culturels et artistiques dans la r\u00e9gion ?<\/strong><\/p>\n<p>Ce palais se distingue, comme je viens de le mentionner, par sa mission essentielle, qui est \u00e0 la fois un espace de formation et d\u2019exp\u00e9rimentation pluridisciplinaires artistiques, de programmations et de productions culturelles et artistiques permettant \u00e0 Tanger de renforcer son rayonnement culturel parmi d\u2019autres destinations nationales et internationales. Il sera ainsi marqu\u00e9 par de multiples activit\u00e9s destin\u00e9es aux diff\u00e9rents types de publics et ouvert sur le monde.<\/p>\n<p><a href=\"https:http:\/\/aujourdhui.ma\/wp-content\/uploads\/2020\/06\/Tanger-Palais-de-la-culture-et-des-arts.jpg\"><img loading=\"lazy\" decoding=\"async\" class=\"size-full wp-image-349035 aligncenter\" src=\"http:\/\/aujourdhui.ma\/wp-content\/uploads\/2020\/06\/Tanger-Palais-de-la-culture-et-des-arts.jpg\" alt=\"\" width=\"746\" height=\"380\" srcset=\"http:\/\/aujourdhui.ma\/wp-content\/uploads\/2020\/06\/Tanger-Palais-de-la-culture-et-des-arts.jpg 746w, \/\/aujourdhui.ma\/wp-content\/uploads\/2020\/06\/Tanger-Palais-de-la-culture-et-des-arts-300x153.jpg 300w, \/\/aujourdhui.ma\/wp-content\/uploads\/2020\/06\/Tanger-Palais-de-la-culture-et-des-arts-274x140.jpg 274w, \/\/aujourdhui.ma\/wp-content\/uploads\/2020\/06\/Tanger-Palais-de-la-culture-et-des-arts-165x84.jpg 165w, \/\/aujourdhui.ma\/wp-content\/uploads\/2020\/06\/Tanger-Palais-de-la-culture-et-des-arts-702x358.jpg 702w\" sizes=\"auto, (max-width: 746px) 100vw, 746px\"\/><\/a><\/p>\n<p><strong>De quoi se compose ce nouveau bijou architectural et culturel ?<\/strong><\/p>\n<p>C\u2019est un beau bijou architectural et culturel qui impressionne par un travail artisanal du bois des portes et les murs de ses couloirs et de ses grands espaces avec leur style purement marocain. Il se compose ainsi d\u2019une grande salle de 1.400 places et de deux autres de 200 chacune. Le palais comporte \u00e9galement quatre pavillons de formations et de pratiques artistiques, deux galeries, des salles de r\u00e9union et de r\u00e9ception, des salles de r\u00e9alisation techniques, un studio d\u2019enregistrement, des espaces pour enfant, une caf\u00e9t\u00e9ria, un restaurant-caf\u00e9.<\/p>\n<p><strong>Est-ce que votre le fait d\u2019avoir occup\u00e9 des postes de responsabilit\u00e9 au d\u00e9partement de la culture puis \u00eatre directeur artistique des deux festivals parmi les plus importants \u00e0 Tanger va vous aider \u00e0 pr\u00e9parer un agenda d\u2019\u00e9v\u00e9nements propre au palais ?<\/strong><\/p>\n<p>Etre \u00e0 la direction du nouveau palais de la culture et des arts est un r\u00eave qui se r\u00e9alise et qui marquera certainement mon parcours d\u2019ancien d\u00e9l\u00e9gu\u00e9 de la culture \u00e0 T\u00e9touan et puis \u00e0 Tanger, directeur du Centre Hassan II des rencontres internationales d\u2019Asilah, directeur artistique des festivals organis\u00e9s \u00e0 Tanger et dans d\u2019autres villes. A mon avis, c\u2019est bien de passer par plusieurs exp\u00e9riences de terrain et de pratiques culturelles et artistiques. Il s\u2019agit d\u2019une vraie \u00e9cole d\u2019ing\u00e9nierie culturelle et artistique, qui permet de nous donner une force de d\u00e9cider, d\u2019administrer et de g\u00e9rer ce genre de projet.<\/p>\n<p>Auteur: Najat Fa\u00efssal<br \/>\n<a href=\"https:\/\/aujourdhui.ma\/culture\/entretien-avec-rachid-amahjour-le-palais-de-la-culture-et-des-arts-est-un-beau-bijou-architectural-et-culturel\">Cliquez ici pour lire l&rsquo;article depuis sa source.<\/a><\/p>\n","protected":false},"excerpt":{"rendered":"<p>Dans cet entretien, Rachid Amahjour, directeur du nouveau Palais de la culture et des arts, d\u00e9finit la mission essentielle de ce projet, dont l\u2019ouverture officielle est pr\u00e9vue pendant la prochaine saison 2020-2021. ALM : O\u00f9 en sont les pr\u00e9paratifs pour l\u2019ouverture du palais de la culture et des arts au public ? Rachid Amahjour : [&hellip;]<\/p>\n","protected":false},"author":1759,"featured_media":90293,"comment_status":"closed","ping_status":"closed","sticky":false,"template":"","format":"standard","meta":{"fifu_image_url":"","fifu_image_alt":"","footnotes":""},"categories":[73,54],"tags":[],"class_list":["post-90292","post","type-post","status-publish","format-standard","has-post-thumbnail","hentry","category-actualite","category-maroc"],"_links":{"self":[{"href":"https:\/\/linitiative.ca\/International\/wp-json\/wp\/v2\/posts\/90292","targetHints":{"allow":["GET"]}}],"collection":[{"href":"https:\/\/linitiative.ca\/International\/wp-json\/wp\/v2\/posts"}],"about":[{"href":"https:\/\/linitiative.ca\/International\/wp-json\/wp\/v2\/types\/post"}],"author":[{"embeddable":true,"href":"https:\/\/linitiative.ca\/International\/wp-json\/wp\/v2\/users\/1759"}],"replies":[{"embeddable":true,"href":"https:\/\/linitiative.ca\/International\/wp-json\/wp\/v2\/comments?post=90292"}],"version-history":[{"count":0,"href":"https:\/\/linitiative.ca\/International\/wp-json\/wp\/v2\/posts\/90292\/revisions"}],"wp:featuredmedia":[{"embeddable":true,"href":"https:\/\/linitiative.ca\/International\/wp-json\/"}],"wp:attachment":[{"href":"https:\/\/linitiative.ca\/International\/wp-json\/wp\/v2\/media?parent=90292"}],"wp:term":[{"taxonomy":"category","embeddable":true,"href":"https:\/\/linitiative.ca\/International\/wp-json\/wp\/v2\/categories?post=90292"},{"taxonomy":"post_tag","embeddable":true,"href":"https:\/\/linitiative.ca\/International\/wp-json\/wp\/v2\/tags?post=90292"}],"curies":[{"name":"wp","href":"https:\/\/api.w.org\/{rel}","templated":true}]}}