{"id":90296,"date":"2020-06-26T13:58:52","date_gmt":"2020-06-26T17:58:52","guid":{"rendered":"https:\/\/linitiative.ca\/International\/la-chirurgie-esthetique-au-maroc-est-au-top-niveau\/"},"modified":"2020-06-26T13:58:52","modified_gmt":"2020-06-26T17:58:52","slug":"la-chirurgie-esthetique-au-maroc-est-au-top-niveau","status":"publish","type":"post","link":"https:\/\/linitiative.ca\/International\/la-chirurgie-esthetique-au-maroc-est-au-top-niveau\/","title":{"rendered":"\u00abLa chirurgie esth\u00e9tique au Maroc est au top niveau\u00bb"},"content":{"rendered":"<p class=\"has-text-color has-vivid-red-color c2\"><strong>Dr Wafa\u00e2 Mradmi, pr\u00e9sidente de la Soci\u00e9t\u00e9 Marocaine des chirurgiens esth\u00e9tiques et plasticiens<\/strong><\/p>\n<p class=\"c3\">Propos recueillis par <strong>Nadia El Hachimi<\/strong> (MAP)<\/p>\n<p class=\"has-text-color c4\"><strong>Dr Wafa\u00e2 Mradmi, chirurgien esth\u00e9tique et pr\u00e9sidente de la Soci\u00e9t\u00e9 marocaine des Chirurgiens esth\u00e9tiques et plasticiens (SOMCEP) a accord\u00e9 un entretien \u00e0 la MAP dans lequel elle fait un tour d\u2019horizon de la chirurgie esth\u00e9tique, de ses sp\u00e9cificit\u00e9s et ses challenges. En voici la teneur:<\/strong><\/p>\n<p><strong>Quel est l\u2019\u00e9tat actuel de la discipline au Maroc ?<\/strong><\/p>\n<p>La chirurgie esth\u00e9tique au Maroc est au top niveau tant au niveau technicit\u00e9 qu\u2019au niveau technologique et rigueur professionnelle. Les chirurgiens esth\u00e9tiques marocains sont au niveau international. Si les \u00e9trangers viennent se faire op\u00e9rer au Maroc, ce n\u2019est pas parce que c\u2019est moins cher. Loin de l\u00e0, ils viennent se faire op\u00e9rer au Royaume parce que la comp\u00e9tence, l\u2019expertise et l\u2019excellence y sont reconnues.<\/p>\n<p>Lorsqu\u2019il y a d\u00e9c\u00e8s en chirurgie esth\u00e9tique ou dans une autre chirurgie, cela ne veut pas dire que cela a \u00e9t\u00e9 fait de mani\u00e8re artisanale, mais plut\u00f4t qu\u2019il y a eu une complication. Toute chirurgie peut \u00eatre grev\u00e9e de complications et malheureusement de d\u00e9c\u00e8s.<\/p>\n<p>Ce qui s\u2019est pass\u00e9 \u00e0 Rabat est une trag\u00e9die pour la famille de la patiente, parce que ce n\u2019est pas du tout quelque chose \u00e0 laquelle on s\u2019attend. C\u2019est exactement comme \u00e0 l\u2019heure des naissances. Une naissance est cens\u00e9e \u00eatre un \u00e9v\u00e9nement heureux en g\u00e9n\u00e9ral.<\/p>\n<p>C\u2019est la m\u00eame chose pour la chirurgie esth\u00e9tique, elle est cens\u00e9e \u00eatre un \u00e9v\u00e9nement heureux. Un \u00e9v\u00e9nement pour lequel on se pr\u00e9pare pour devenir plus beau, plus mince, mais il peut y avoir des complications en chirurgie esth\u00e9tique comme dans toute autre chirurgie. Elles ont des raisons, elles ont des explications, mais certainement pas qu\u2019elles ont \u00e9t\u00e9 faites de mani\u00e8re artisanale.<\/p>\n<p><strong>Existe-t-il une loi qui r\u00e9git le domaine de la chirurgie esth\u00e9tique?<\/strong><\/p>\n<p>Il n\u2019y a pas de loi comme telle. Nous avons des r\u00e8gles comme dans toutes les chirurgies. Nous sommes inscrits au Conseil de l\u2019ordre et nous sommes une sp\u00e9cialit\u00e9 m\u00e9dicale chirurgicale \u00e0 part enti\u00e8re.<br \/>Pour se sp\u00e9cialiser en chirurgie plastique, il faut s\u2019acquitter de 14 ans d\u2019\u00e9tudes apr\u00e8s le bac au minimum. Nous avons pr\u00eat\u00e9 serment de soigner, d\u2019op\u00e9rer et de faire en sorte que tout se passe bien, mais encore une fois la m\u00e9decine est une science et elle peut avoir des complications malheureusement.<\/p>\n<p><strong>Est-ce que vous \u00eates tenus par une obligation de r\u00e9sultats?<\/strong><\/p>\n<p>C\u2019est compl\u00e8tement faux. C\u2019est dans l\u2019inconscient des gens. Il s\u2019agit l\u00e0 d\u2019une l\u00e9gende urbaine un peu comme l\u2019existence de crocodiles dans les \u00e9gouts de New York.<\/p>\n<p>Nous sommes tenus \u00e0 ce que nous appelons une obligation de moyens renforc\u00e9s. C\u2019est \u00e0 dire que quand un patient se pr\u00e9sente \u00e0 notre cabinet pour une consultation ou une demande de chirurgie, nous sommes tenus de lui expliquer que par rapport \u00e0 ce qu\u2019il a comme corps ou visage, nous sommes tenus de lui offrir ceci ou cela.<\/p>\n<p>Donc l\u2019obligation de moyens renforc\u00e9s signifie que nous sommes tenus de proposer au patient toute notre panoplie de technicit\u00e9, de comp\u00e9tences, de connaissances scientifiques et de technologie pour lui apporter le meilleur r\u00e9sultat possible en chirurgie esth\u00e9tique par rapport \u00e0 son cas particulier, car les corps ne se ressemblent pas, tout comme les visages, les peaux et les graisses.<\/p>\n<p><strong>Y-a-t-il un chevauchement entre la pratique de la chirurgie plastique par des professionnels habilit\u00e9s et par ceux qui la pratiquent sans avoir suivi de formation (chirurgiens de m\u00e9decine interne, salons de beaut\u00e9, dermatologistes\u2026)?<\/strong><\/p>\n<p>Ce sujet me tient particuli\u00e8rement \u00e0 c\u0153ur, tout comme \u00e0 tous les sp\u00e9cialistes de chirurgie plastique. En chirurgie esth\u00e9tique, seuls les m\u00e9decins ayant une qualification dans le domaine ont le droit de la pratiquer.<\/p>\n<p>Au-del\u00e0 des chirurgiens plasticiens, aucun autre sp\u00e9cialiste n\u2019a le droit d\u2019exercer la chirurgie esth\u00e9tique. Il est possible de faire des formations, mais cela ne remplace en aucun cas des ann\u00e9es d\u2019\u00e9tudes.<\/p>\n<p>La m\u00e9decine esth\u00e9tique, qui a trait \u00e0 tout ce qui est machine ou injection comme le botox, l\u2019acide hyaluronique, le PRP et la m\u00e9soth\u00e9rapie, est pratiqu\u00e9e aussi bien par les plasticiens que par les dermatologistes et autres m\u00e9decins g\u00e9n\u00e9ralistes ou dipl\u00f4m\u00e9s dans cette discipline.<\/p>\n<p>Toutefois, certaines interventions de m\u00e9decine esth\u00e9tique sont pratiqu\u00e9es de mani\u00e8re compl\u00e8tement ill\u00e9gale et hors la loi par les esth\u00e9ticiennes, les salons de beaut\u00e9, les coiffeuses, les infirmi\u00e8res\u2026. Il s\u2019agit l\u00e0 d\u2019une pratique compl\u00e8tement ill\u00e9gale qui devrait th\u00e9oriquement \u00eatre punie par la loi.<\/p>\n<p><strong>Quels sont les challenges de la discipline au Maroc?<\/strong><\/p>\n<p>Le challenge r\u00e9side dans le fait de mieux informer la population de ce qu\u2019est r\u00e9ellement la chirurgie esth\u00e9tique.<br \/>D\u2019abord au niveau m\u00e9dical, certaines patientes viennent demander de lourdes chirurgies parce qu\u2019elles ont un mariage dans quelques jours. C\u2019est assez caricatural, mais c\u2019est assez proche de la r\u00e9alit\u00e9 dans certains cas.<br \/>Il faudrait aussi que les gens sachent ce qu\u2019est une vraie chirurgie et que la dur\u00e9e d\u2019une intervention de chirurgie esth\u00e9tique d\u00e9passe souvent et de loin celle pour d\u2019autres maladies.<\/p>\n<p>Il ne faut pas que les gens pensent qu\u2019il s\u2019agit d\u2019une chirurgie banale et b\u00e9nigne et qu\u2019il n\u2019y a pas de convalescence. Au contraire, pour les grandes liposuccions et les grandes abdominoplasties, la convalescence est beaucoup plus importante que pour une appendicite, p\u00e9ritonite ou une c\u00e9sarienne, pour ne citer que quelques exemples.<\/p>\n<p>Le challenge c\u2019est que l\u2019information arrive au public de fa\u00e7on honn\u00eate et int\u00e8gre et de mani\u00e8re authentique et vraie. Souvent, les reportages sur la chirurgie esth\u00e9tique sont extr\u00eamement l\u00e9gers et ne parlent pas v\u00e9ritablement de ce qu\u2019est cette discipline. Beaucoup de reportages ont \u00e9t\u00e9 r\u00e9alis\u00e9s par les cha\u00eenes nationales et certains journaux nationaux et \u00e9lectroniques tr\u00e8s lus, mais ils survolent la chirurgie esth\u00e9tique. Quand on ne parle pas de scandales en chirurgie esth\u00e9tique, on parle de gestes b\u00e9nins comme si on allait chez le coiffeur, alors que ce n\u2019est pas le cas.<\/p>\n<p>Auteur: M&rsquo;hammed rahal<br \/>\n<a href=\"http:\/\/albayane.press.ma\/la-chirurgie-esthetique-au-maroc-est-au-top-niveau.html\">Cliquez ici pour lire l&rsquo;article depuis sa source.<\/a><\/p>\n","protected":false},"excerpt":{"rendered":"<p>Dr Wafa\u00e2 Mradmi, pr\u00e9sidente de la Soci\u00e9t\u00e9 Marocaine des chirurgiens esth\u00e9tiques et plasticiens Propos recueillis par Nadia El Hachimi (MAP) Dr Wafa\u00e2 Mradmi, chirurgien esth\u00e9tique et pr\u00e9sidente de la Soci\u00e9t\u00e9 marocaine des Chirurgiens esth\u00e9tiques et plasticiens (SOMCEP) a accord\u00e9 un entretien \u00e0 la MAP dans lequel elle fait un tour d\u2019horizon de la chirurgie esth\u00e9tique, [&hellip;]<\/p>\n","protected":false},"author":1760,"featured_media":0,"comment_status":"closed","ping_status":"closed","sticky":false,"template":"","format":"standard","meta":{"fifu_image_url":"","fifu_image_alt":"","footnotes":""},"categories":[73,54],"tags":[],"class_list":["post-90296","post","type-post","status-publish","format-standard","hentry","category-actualite","category-maroc"],"_links":{"self":[{"href":"https:\/\/linitiative.ca\/International\/wp-json\/wp\/v2\/posts\/90296","targetHints":{"allow":["GET"]}}],"collection":[{"href":"https:\/\/linitiative.ca\/International\/wp-json\/wp\/v2\/posts"}],"about":[{"href":"https:\/\/linitiative.ca\/International\/wp-json\/wp\/v2\/types\/post"}],"author":[{"embeddable":true,"href":"https:\/\/linitiative.ca\/International\/wp-json\/wp\/v2\/users\/1760"}],"replies":[{"embeddable":true,"href":"https:\/\/linitiative.ca\/International\/wp-json\/wp\/v2\/comments?post=90296"}],"version-history":[{"count":0,"href":"https:\/\/linitiative.ca\/International\/wp-json\/wp\/v2\/posts\/90296\/revisions"}],"wp:attachment":[{"href":"https:\/\/linitiative.ca\/International\/wp-json\/wp\/v2\/media?parent=90296"}],"wp:term":[{"taxonomy":"category","embeddable":true,"href":"https:\/\/linitiative.ca\/International\/wp-json\/wp\/v2\/categories?post=90296"},{"taxonomy":"post_tag","embeddable":true,"href":"https:\/\/linitiative.ca\/International\/wp-json\/wp\/v2\/tags?post=90296"}],"curies":[{"name":"wp","href":"https:\/\/api.w.org\/{rel}","templated":true}]}}