{"id":90304,"date":"2020-06-27T11:00:00","date_gmt":"2020-06-27T15:00:00","guid":{"rendered":"https:\/\/linitiative.ca\/International\/le-moudjahid-belaid-abdesselam-tire-sa-reverence\/"},"modified":"2020-06-27T11:00:00","modified_gmt":"2020-06-27T15:00:00","slug":"le-moudjahid-belaid-abdesselam-tire-sa-reverence","status":"publish","type":"post","link":"https:\/\/linitiative.ca\/International\/le-moudjahid-belaid-abdesselam-tire-sa-reverence\/","title":{"rendered":"Le moudjahid Bela\u00efd Abdesselam tire sa r\u00e9v\u00e9rence"},"content":{"rendered":"<div id=\"originalText\" readability=\"69\">\n<p>Le moudjahid et ancien chef du gouvernement,\u00a0\u00a0Bela\u00efd Abdesselam, est d\u00e9c\u00e9d\u00e9, ce samedi,\u00a0\u00e0 l&rsquo;\u00e2ge de 92 ans, a annonc\u00e9, dans l&rsquo;apr\u00e8s-midi, le\u00a0minist\u00e8re des Moudjahidine.\u00a0<\/p>\n<p>N\u00e9 en 1928 \u00e0 A\u00efn El Kebira dans la wilaya de S\u00e9tif, le d\u00e9funt fut parmi\u00a0\u00a0<br \/>les premiers militants du mouvement national. Il a \u00e9t\u00e9 l&rsquo;un des membres\u00a0\u00a0<br \/>fondateurs de l&rsquo;Association des \u00e9tudiants musulmans nord-africains en\u00a0\u00a0<br \/>France (1951-1953) et membre fondateur de l&rsquo;Union des \u00e9tudiants musulmans\u00a0\u00a0alg\u00e9riens en 1953.\u00a0<\/p>\n<p>En 1958, le d\u00e9funt s&rsquo;est vu attribuer plusieurs missions au sein du\u00a0\u00a0<br \/>Gouvernement provisoire, en qualit\u00e9 d&rsquo;assistant du ministre des Affaires\u00a0\u00a0<br \/>sociales et culturelles, avant d&rsquo;\u00eatre nomm\u00e9 en 1961 comme collaborateur\u00a0\u00a0<br \/>dans le Cabinet du GPRA, puis charg\u00e9 des Affaires \u00e9conomiques, juste apr\u00e8s\u00a0le cessez-le-feu.\u00a0<\/p>\n<p>Au lendemain de l&rsquo;ind\u00e9pendance, le regrett\u00e9 est rest\u00e9 au service de la\u00a0\u00a0<br \/>patrie, en occupant de hauts postes de l&rsquo;Etat dont chef de la d\u00e9l\u00e9gation\u00a0\u00a0<br \/>alg\u00e9rienne dans les accords alg\u00e9ro-fran\u00e7ais sur les hydrocarbures,\u00a0\u00a0<br \/>Directeur g\u00e9n\u00e9ral (DG) de la Sonatrach (1964-1965), ministre de l&rsquo;Industrie\u00a0\u00a0<br \/>et de l&rsquo;Energie (1965-1977), ministres des Industries l\u00e9g\u00e8res (1977-1979),\u00a0\u00a0<br \/>et enfin chef du Gouvernement (1992-1993).\u00a0<\/p>\n<p class=\"c6\"><strong>R\u00e9daction Web \/ APS\u00a0<\/strong><br \/>\u00a0<\/p>\n<\/div>\n<div id=\"text_core\" readability=\"69\">\n<p>Le moudjahid et ancien chef du gouvernement,\u00a0\u00a0Bela\u00efd Abdesselam, est d\u00e9c\u00e9d\u00e9, ce samedi,\u00a0\u00e0 l&rsquo;\u00e2ge de 92 ans, a annonc\u00e9, dans l&rsquo;apr\u00e8s-midi, le\u00a0minist\u00e8re des Moudjahidine.\u00a0<\/p>\n<p>N\u00e9 en 1928 \u00e0 A\u00efn El Kebira dans la wilaya de S\u00e9tif, le d\u00e9funt fut parmi\u00a0\u00a0<br \/>les premiers militants du mouvement national. Il a \u00e9t\u00e9 l&rsquo;un des membres\u00a0\u00a0<br \/>fondateurs de l&rsquo;Association des \u00e9tudiants musulmans nord-africains en\u00a0\u00a0<br \/>France (1951-1953) et membre fondateur de l&rsquo;Union des \u00e9tudiants musulmans\u00a0\u00a0alg\u00e9riens en 1953.\u00a0<\/p>\n<p>En 1958, le d\u00e9funt s&rsquo;est vu attribuer plusieurs missions au sein du\u00a0\u00a0<br \/>Gouvernement provisoire, en qualit\u00e9 d&rsquo;assistant du ministre des Affaires\u00a0\u00a0<br \/>sociales et culturelles, avant d&rsquo;\u00eatre nomm\u00e9 en 1961 comme collaborateur\u00a0\u00a0<br \/>dans le Cabinet du GPRA, puis charg\u00e9 des Affaires \u00e9conomiques, juste apr\u00e8s\u00a0le cessez-le-feu.\u00a0<\/p>\n<p>Au lendemain de l&rsquo;ind\u00e9pendance, le regrett\u00e9 est rest\u00e9 au service de la\u00a0\u00a0<br \/>patrie, en occupant de hauts postes de l&rsquo;Etat dont chef de la d\u00e9l\u00e9gation\u00a0\u00a0<br \/>alg\u00e9rienne dans les accords alg\u00e9ro-fran\u00e7ais sur les hydrocarbures,\u00a0\u00a0<br \/>Directeur g\u00e9n\u00e9ral (DG) de la Sonatrach (1964-1965), ministre de l&rsquo;Industrie\u00a0\u00a0<br \/>et de l&rsquo;Energie (1965-1977), ministres des Industries l\u00e9g\u00e8res (1977-1979),\u00a0\u00a0<br \/>et enfin chef du Gouvernement (1992-1993).\u00a0<\/p>\n<p class=\"c6\"><strong>R\u00e9daction Web \/ APS\u00a0<\/strong><br \/>\u00a0<\/p>\n<\/div>\n<p>Auteur:<br \/>\n<a href=\"https:\/\/www.liberte-algerie.com\/actualite\/le-moudjahid-belaid-abdesselam-tire-sa-reverence-341010\">Cliquez ici pour lire l&rsquo;article depuis sa source.<\/a><\/p>\n","protected":false},"excerpt":{"rendered":"<p>Le moudjahid et ancien chef du gouvernement,\u00a0\u00a0Bela\u00efd Abdesselam, est d\u00e9c\u00e9d\u00e9, ce samedi,\u00a0\u00e0 l&rsquo;\u00e2ge de 92 ans, a annonc\u00e9, dans l&rsquo;apr\u00e8s-midi, le\u00a0minist\u00e8re des Moudjahidine.\u00a0 N\u00e9 en 1928 \u00e0 A\u00efn El Kebira dans la wilaya de S\u00e9tif, le d\u00e9funt fut parmi\u00a0\u00a0les premiers militants du mouvement national. Il a \u00e9t\u00e9 l&rsquo;un des membres\u00a0\u00a0fondateurs de l&rsquo;Association des \u00e9tudiants musulmans [&hellip;]<\/p>\n","protected":false},"author":1742,"featured_media":0,"comment_status":"closed","ping_status":"closed","sticky":false,"template":"","format":"standard","meta":{"fifu_image_url":"","fifu_image_alt":"","footnotes":""},"categories":[73,53],"tags":[],"class_list":["post-90304","post","type-post","status-publish","format-standard","hentry","category-actualite","category-algerie"],"_links":{"self":[{"href":"https:\/\/linitiative.ca\/International\/wp-json\/wp\/v2\/posts\/90304","targetHints":{"allow":["GET"]}}],"collection":[{"href":"https:\/\/linitiative.ca\/International\/wp-json\/wp\/v2\/posts"}],"about":[{"href":"https:\/\/linitiative.ca\/International\/wp-json\/wp\/v2\/types\/post"}],"author":[{"embeddable":true,"href":"https:\/\/linitiative.ca\/International\/wp-json\/wp\/v2\/users\/1742"}],"replies":[{"embeddable":true,"href":"https:\/\/linitiative.ca\/International\/wp-json\/wp\/v2\/comments?post=90304"}],"version-history":[{"count":0,"href":"https:\/\/linitiative.ca\/International\/wp-json\/wp\/v2\/posts\/90304\/revisions"}],"wp:attachment":[{"href":"https:\/\/linitiative.ca\/International\/wp-json\/wp\/v2\/media?parent=90304"}],"wp:term":[{"taxonomy":"category","embeddable":true,"href":"https:\/\/linitiative.ca\/International\/wp-json\/wp\/v2\/categories?post=90304"},{"taxonomy":"post_tag","embeddable":true,"href":"https:\/\/linitiative.ca\/International\/wp-json\/wp\/v2\/tags?post=90304"}],"curies":[{"name":"wp","href":"https:\/\/api.w.org\/{rel}","templated":true}]}}