{"id":90307,"date":"2020-06-27T11:32:06","date_gmt":"2020-06-27T15:32:06","guid":{"rendered":"https:\/\/linitiative.ca\/International\/poursuite-du-rapatriement-des-marocains-bloques-en-france\/"},"modified":"2020-06-27T11:32:06","modified_gmt":"2020-06-27T15:32:06","slug":"poursuite-du-rapatriement-des-marocains-bloques-en-france","status":"publish","type":"post","link":"https:\/\/linitiative.ca\/International\/poursuite-du-rapatriement-des-marocains-bloques-en-france\/","title":{"rendered":"Poursuite du rapatriement des Marocains bloqu\u00e9s en France"},"content":{"rendered":"<div readability=\"37\">\n<p>L\u2019op\u00e9ration de rapatriement des Marocains bloqu\u00e9s en France dans le contexte de l\u2019\u00e9tat d\u2019urgence sanitaire d\u00e9cr\u00e9t\u00e9 suite \u00e0 la propagation du Covid-19, s\u2019est poursuivie samedi avec des vols de la Royal Air Maroc qui ont pris le d\u00e9part depuis les villes de Paris et Bordeaux, \u00e0 destination de Marrakech.<\/p>\n<\/div>\n<div readability=\"100\">\n<p>Dans le d\u00e9tail, trois vols de la RAM ont pris le d\u00e9part samedi. Deux depuis l\u2019a\u00e9roport Charles de Gaulle (CDG-Paris), et un autre depuis Bordeaux.<\/p>\n<p>L\u2019ensemble de ces vols humanitaires, qui concernent les citoyens d\u00e9tenteurs de visas \u00e0 court terme en situation de vuln\u00e9rabilit\u00e9, notamment les personnes malades et celles ayant subi des op\u00e9rations chirurgicales, ainsi que des personnes \u00e2g\u00e9es, auront pour destination la ville de Marrakech.<\/p>\n<p>Les diff\u00e9rentes op\u00e9rations de rapatriement, organis\u00e9es par l\u2019Ambassade et les Consulats g\u00e9n\u00e9raux du Maroc en France en collaboration avec les autorit\u00e9s fran\u00e7aises, se sont d\u00e9roul\u00e9es dans le respect total des mesures de pr\u00e9caution et du protocole sanitaire en vigueur.<\/p>\n<p>Dans une d\u00e9claration \u00e0 la MAP, le Consul g\u00e9n\u00e9ral du Maroc \u00e0 Bordeaux, Zouhair Jibraili a indiqu\u00e9 que le vol humanitaire depuis Bordeaux a pris le d\u00e9part samedi en d\u00e9but d\u2019apr\u00e8s-midi avec \u00e0 son bord 157 passagers dont un b\u00e9b\u00e9.<\/p>\n<p>Il s\u2019agit du deuxi\u00e8me vol humanitaire op\u00e9r\u00e9 depuis Bordeaux apr\u00e8s celui de mercredi, a pr\u00e9cis\u00e9 le diplomate marocain, qui s\u2019est f\u00e9licit\u00e9 que les deux op\u00e9rations se soient d\u00e9roul\u00e9es de fa\u00e7on tr\u00e8s fluide, en parfaite coordination avec les autorit\u00e9s fran\u00e7aises notamment la pr\u00e9fecture d\u2019Aquitaine et la police des fronti\u00e8res.<\/p>\n<p>Plusieurs Marocains ayant b\u00e9n\u00e9fici\u00e9 de ce vol de rapatriement ont fait part, \u00e0 la MAP, de leur soulagement de pouvoir enfin rentrer au Maroc apr\u00e8s \u00eatre rest\u00e9s bloqu\u00e9s plus de trois mois en France suite \u00e0 la fermeture des fronti\u00e8res terrestres et a\u00e9riennes dans le contexte de l\u2019\u00e9pid\u00e9mie du Covid-19. Ils ont tenu \u00e9galement \u00e0 exprimer leur gratitude aux autorit\u00e9s marocaines ainsi qu\u2019au corps consulaire \u00e0 Bordeaux pour sa mobilisation citoyenne.<\/p>\n<p>C\u2019est le cas d\u2019une maman de trois enfants, dont un b\u00e9b\u00e9 de deux ans, et qui attend avec impatience de pouvoir les serrer de nouveau dans ses bras. Arriv\u00e9e en France pour quelques jours de vacances, cette Marocaine s\u2019est retrouv\u00e9e bloqu\u00e9e dans l\u2019Hexagone comme nombre d\u2019autres compatriotes. Elle a \u00e9t\u00e9 parmi les premiers \u00e0 s\u2019inscrire sur la liste que le consulat a mis en place pour r\u00e9pertorier les Marocains bloqu\u00e9s dans sa circonscription territoriale.<\/p>\n<p>Contrainte de passer le Ramadan en France, elle affirme \u00eatre soulag\u00e9e de pouvoir c\u00e9l\u00e9brer la f\u00eate du Sacrifice parmi les siens, ne manquant pas d\u2019exprimer ses remerciements au consulat du Maroc \u00e0 Bordeaux ainsi qu\u2019aux autorit\u00e9s marocaines.<\/p>\n<p>M\u00eame sentiment de soulagement et de gratitude de la part d\u2019un autre marocain \u00e2g\u00e9 d\u2019une soixantaine d\u2019ann\u00e9es. Bloqu\u00e9 \u00e0 Agen en Nouvelle Aquitaine depuis la fermeture des fronti\u00e8res, il peut enfin retourner au Maroc et retrouver les siens.<\/p>\n<p>Par ailleurs, deux autres vols de rapatriement sont programm\u00e9s samedi depuis l\u2019a\u00e9roport Charles de Gaulle (CDG-Paris). Le premier a pris le d\u00e9part en d\u00e9but d\u2019apr\u00e8s midi et le second est pr\u00e9vu vers 17h40 (HL), apprend-on de source a\u00e9roportuaire.<\/p>\n<p>La premi\u00e8re phase de l\u2019op\u00e9ration de rapatriement des Marocains bloqu\u00e9s en France a d\u00e9but\u00e9 le 22 juin avec des centaines de personnes depuis plusieurs villes de l\u2019Hexagone notamment Paris, Marseille et Lyon.<\/p>\n<\/div>\n<p>Auteur: Meriem IGASS<br \/>\n<a href=\"http:\/\/www.mapmarrakech.ma\/fr\/poursuite-du-rapatriement-des-marocains-bloques-en-france\/\">Cliquez ici pour lire l&rsquo;article depuis sa source.<\/a><\/p>\n","protected":false},"excerpt":{"rendered":"<p>L\u2019op\u00e9ration de rapatriement des Marocains bloqu\u00e9s en France dans le contexte de l\u2019\u00e9tat d\u2019urgence sanitaire d\u00e9cr\u00e9t\u00e9 suite \u00e0 la propagation du Covid-19, s\u2019est poursuivie samedi avec des vols de la Royal Air Maroc qui ont pris le d\u00e9part depuis les villes de Paris et Bordeaux, \u00e0 destination de Marrakech. Dans le d\u00e9tail, trois vols de [&hellip;]<\/p>\n","protected":false},"author":1788,"featured_media":0,"comment_status":"closed","ping_status":"closed","sticky":false,"template":"","format":"standard","meta":{"fifu_image_url":"","fifu_image_alt":"","footnotes":""},"categories":[54,76],"tags":[],"class_list":["post-90307","post","type-post","status-publish","format-standard","hentry","category-maroc","category-regions"],"_links":{"self":[{"href":"https:\/\/linitiative.ca\/International\/wp-json\/wp\/v2\/posts\/90307","targetHints":{"allow":["GET"]}}],"collection":[{"href":"https:\/\/linitiative.ca\/International\/wp-json\/wp\/v2\/posts"}],"about":[{"href":"https:\/\/linitiative.ca\/International\/wp-json\/wp\/v2\/types\/post"}],"author":[{"embeddable":true,"href":"https:\/\/linitiative.ca\/International\/wp-json\/wp\/v2\/users\/1788"}],"replies":[{"embeddable":true,"href":"https:\/\/linitiative.ca\/International\/wp-json\/wp\/v2\/comments?post=90307"}],"version-history":[{"count":0,"href":"https:\/\/linitiative.ca\/International\/wp-json\/wp\/v2\/posts\/90307\/revisions"}],"wp:attachment":[{"href":"https:\/\/linitiative.ca\/International\/wp-json\/wp\/v2\/media?parent=90307"}],"wp:term":[{"taxonomy":"category","embeddable":true,"href":"https:\/\/linitiative.ca\/International\/wp-json\/wp\/v2\/categories?post=90307"},{"taxonomy":"post_tag","embeddable":true,"href":"https:\/\/linitiative.ca\/International\/wp-json\/wp\/v2\/tags?post=90307"}],"curies":[{"name":"wp","href":"https:\/\/api.w.org\/{rel}","templated":true}]}}