{"id":90308,"date":"2020-06-27T12:44:55","date_gmt":"2020-06-27T16:44:55","guid":{"rendered":"https:\/\/linitiative.ca\/International\/ouvrage-sur-les-problematiques-de-la-recherche-sur-le-mouridisme\/"},"modified":"2020-06-27T12:44:55","modified_gmt":"2020-06-27T16:44:55","slug":"ouvrage-sur-les-problematiques-de-la-recherche-sur-le-mouridisme","status":"publish","type":"post","link":"https:\/\/linitiative.ca\/International\/ouvrage-sur-les-problematiques-de-la-recherche-sur-le-mouridisme\/","title":{"rendered":"Ouvrage sur les probl\u00e9matiques de la recherche sur le Mouridisme"},"content":{"rendered":"<div readability=\"37\">\n<p>Marrakech \u2013 \u00ab\u00a0Probl\u00e9matiques de la recherche sur le Mouridisme et le r\u00f4le de la diaspora dans la diffusion des \u00e9crits de Cheikh Ahmadou Bamba\u00a0\u00bb est le titre d\u2019un ouvrage qui vient de para\u00eetre, en partenariat entre les \u00e9ditions Afaq pour les Etudes, l\u2019Edition et la communication \u00e0 Marrakech et l\u2019Institut Al-Azhar d\u2019Etudes et de Recherches sur le Mouridisme (IAREM).<\/p>\n<\/div>\n<div readability=\"83\">\n<p>Cet opus, dont la coordination a \u00e9t\u00e9 confi\u00e9e \u00e0 l\u2019universitaire s\u00e9n\u00e9galais, Lamine Sarr, r\u00e9unit l\u2019ensemble des interventions scientifiques du premier colloque de l\u2019IAREM, organis\u00e9 \u00e0 Marseille en juillet 2019.<\/p>\n<p>Cette \u0153uvre tente \u00e0 la fois de mettre en exergue les probl\u00e8mes qui se posent \u00e0 la recherche sur le Mouridisme et de reconna\u00eetre les services faits en faveur de la m\u00eame confr\u00e9rie par les disciples diss\u00e9min\u00e9s \u00e0 travers la Diaspora.<\/p>\n<p>Selon le pr\u00e9facier de cet ouvrage, Pr. Magu\u00e8ye Ndiaye, \u00ab\u00a0si la biographie du guide (NDRL\u00a0: Cheikh Ahmadou Bamba) est presque \u00e9tablie avec pr\u00e9cision et que le Mouridisme est de plus en plus cern\u00e9, son \u0153uvre \u00e9crite a plus que jamais besoin d\u2019\u00eatre scientifiquement \u00e9tablie par des sp\u00e9cialistes de la langue arabe par lequel s\u2019exprimait ce th\u00e9ologien, juriste musulman et soufi\u00a0\u00bb.<\/p>\n<p>\u00ab\u00a0Le besoin se fait aussi sentir en ce qui concerne le classement chronologique de l\u2019\u0153uvre qui est plus que jamais n\u00e9cessaire, mais encore et surtout l\u2019imp\u00e9rieuse n\u00e9cessit\u00e9 de v\u00e9rifier l\u2019authenticit\u00e9 de tout ce qu\u2019on attribue \u00e0 Cheikh Ahmadou Bamba\u00a0\u00bb, a-t-il soulign\u00e9.<\/p>\n<p>\u00ab\u00a0Il y a donc de la mati\u00e8re \u00e0 recherche sur le guide et son \u0153uvre qui ne sont plus l\u2019exclusivit\u00e9 des mourides mais plut\u00f4t un patrimoine universel\u00a0\u00bb, a-t-il ajout\u00e9.<\/p>\n<p>Ainsi, sa pens\u00e9e vari\u00e9e, sur le mysticisme, la th\u00e9ologie, la jurisprudence, l\u2019enseignement et la paix, entres autres, commence \u00e0 faire objet de rencontres scientifiques et mise sur des biblioth\u00e8ques en ligne. Ce qui explique l\u2019afflux d\u2019\u00e9trangers de plus en plus nombreux au S\u00e9n\u00e9gal, \u00e0 l\u2019occasion de certains \u00e9v\u00e9nements religieux.<\/p>\n<p>N\u00e9 vers 1853 \u00e0 Mback\u00e9 et d\u00e9c\u00e9d\u00e9 en juillet 1927 \u00e0 Diourbel (S\u00e9n\u00e9gal), Cheikh Ahmadou Bamba Mback\u00e9 est l\u2019une des figures les plus importantes de l\u2019islam de la r\u00e9gion en sa qualit\u00e9 de fondateur de la confr\u00e9rie des Mourides.<\/p>\n<p>Il fut \u00e9galement un grand po\u00e8te en langue arabe. Il marqua l\u2019histoire de son pays de par son rayonnement polarisateur, dans le contexte de la colonisation fran\u00e7aise.<\/p>\n<\/div>\n<p>Auteur: Meriem IGASS<br \/>\n<a href=\"http:\/\/www.mapmarrakech.ma\/fr\/ouvrage-sur-les-problematiques-de-la-recherche-sur-le-mouridisme\/\">Cliquez ici pour lire l&rsquo;article depuis sa source.<\/a><\/p>\n","protected":false},"excerpt":{"rendered":"<p>Marrakech \u2013 \u00ab\u00a0Probl\u00e9matiques de la recherche sur le Mouridisme et le r\u00f4le de la diaspora dans la diffusion des \u00e9crits de Cheikh Ahmadou Bamba\u00a0\u00bb est le titre d\u2019un ouvrage qui vient de para\u00eetre, en partenariat entre les \u00e9ditions Afaq pour les Etudes, l\u2019Edition et la communication \u00e0 Marrakech et l\u2019Institut Al-Azhar d\u2019Etudes et de Recherches [&hellip;]<\/p>\n","protected":false},"author":1788,"featured_media":0,"comment_status":"closed","ping_status":"closed","sticky":false,"template":"","format":"standard","meta":{"fifu_image_url":"","fifu_image_alt":"","footnotes":""},"categories":[54,76],"tags":[],"class_list":["post-90308","post","type-post","status-publish","format-standard","hentry","category-maroc","category-regions"],"_links":{"self":[{"href":"https:\/\/linitiative.ca\/International\/wp-json\/wp\/v2\/posts\/90308","targetHints":{"allow":["GET"]}}],"collection":[{"href":"https:\/\/linitiative.ca\/International\/wp-json\/wp\/v2\/posts"}],"about":[{"href":"https:\/\/linitiative.ca\/International\/wp-json\/wp\/v2\/types\/post"}],"author":[{"embeddable":true,"href":"https:\/\/linitiative.ca\/International\/wp-json\/wp\/v2\/users\/1788"}],"replies":[{"embeddable":true,"href":"https:\/\/linitiative.ca\/International\/wp-json\/wp\/v2\/comments?post=90308"}],"version-history":[{"count":0,"href":"https:\/\/linitiative.ca\/International\/wp-json\/wp\/v2\/posts\/90308\/revisions"}],"wp:attachment":[{"href":"https:\/\/linitiative.ca\/International\/wp-json\/wp\/v2\/media?parent=90308"}],"wp:term":[{"taxonomy":"category","embeddable":true,"href":"https:\/\/linitiative.ca\/International\/wp-json\/wp\/v2\/categories?post=90308"},{"taxonomy":"post_tag","embeddable":true,"href":"https:\/\/linitiative.ca\/International\/wp-json\/wp\/v2\/tags?post=90308"}],"curies":[{"name":"wp","href":"https:\/\/api.w.org\/{rel}","templated":true}]}}