{"id":90309,"date":"2020-06-27T12:53:48","date_gmt":"2020-06-27T16:53:48","guid":{"rendered":"https:\/\/linitiative.ca\/International\/rapatriement-des-marocains-bloques-en-allemagne\/"},"modified":"2020-06-27T12:53:48","modified_gmt":"2020-06-27T16:53:48","slug":"rapatriement-des-marocains-bloques-en-allemagne","status":"publish","type":"post","link":"https:\/\/linitiative.ca\/International\/rapatriement-des-marocains-bloques-en-allemagne\/","title":{"rendered":"Rapatriement des Marocains bloqu\u00e9s en Allemagne"},"content":{"rendered":"<div class=\"single-featured\"><img alt=\"\" data-src=\"http:\/\/www.mapmarrakech.ma\/map\/uploads\/2020\/06\/Marocains-bloqu&#xE9;s-copier.jpg\"\/><\/div>\n<div class=\"single-post-excerpt post-excerpt-bc\" readability=\"35\">\n<p>L\u2019op\u00e9ration de rapatriement des Marocains bloqu\u00e9s en Allemagne en raison de la pand\u00e9mie de coronavirus a commenc\u00e9, samedi, avec un vol de la Royal Air Maroc reliant Francfort et Marrakech.<\/p>\n<\/div>\n<div class=\"entry-content clearfix single-post-content\" readability=\"63\">\n<p>Initi\u00e9 par l\u2019Ambassade du Royaume du Maroc \u00e0 Berlin, ce vol s\u2019inscrit dans le cadre de la mobilisation du minist\u00e8re des Affaires \u00e9trang\u00e8res, des ambassades et des consulats g\u00e9n\u00e9raux du Maroc \u00e0 l\u2019\u00e9tranger pour r\u00e9unir les conditions de r\u00e9ussite des op\u00e9rations de rapatriement.<\/p>\n<p>Cette op\u00e9ration de rapatriement s\u2019est d\u00e9roul\u00e9e dans de bonnes conditions et dans le respect des protocoles sanitaires en vigueur, a soulign\u00e9 l\u2019ambassadeur du Maroc en Allemagne, Mme Zohour Alaoui, pr\u00e9cisant que ce vol a b\u00e9n\u00e9fici\u00e9 particuli\u00e8rement aux personnes \u00e2g\u00e9es, \u00e0 celles souffrant de maladies chroniques ou se trouvant dans une situation de pr\u00e9carit\u00e9.<\/p>\n<p>Le minist\u00e8re des Affaires \u00e9trang\u00e8res, de la coop\u00e9ration Africaine et des Marocains r\u00e9sidant \u00e0 l\u2019\u00e9tranger suit de pr\u00e8s et accompagne les ressortissants marocains bloqu\u00e9s \u00e0 l\u2019\u00e9tranger, a ajout\u00e9 Mme Alaoui dans une d\u00e9claration \u00e0 la MAP, notant que toutes les parties concern\u00e9es coop\u00e8rent de mani\u00e8re intense pour mieux g\u00e9rer cette situation exceptionnelle et compl\u00e8tement inattendue r\u00e9sultant de la propagation de l\u2019\u00e9pid\u00e9mie du Covid-19.<\/p>\n<p>A cette occasion, la diplomate marocaine a tenu \u00e0 remercier les autorit\u00e9s allemandes ayant apport\u00e9 toutes les facilit\u00e9s n\u00e9cessaires pour le d\u00e9roulement de cette op\u00e9ration dans les meilleures conditions.<\/p>\n<p>Dans le contexte de l\u2019\u00e9tat d\u2019urgence sanitaire d\u00e9cr\u00e9t\u00e9 par plusieurs pays suite \u00e0 la propagation de la pand\u00e9mie du Covid-19, quelque 30 vols ont \u00e9t\u00e9 programm\u00e9s entre les 21 et 27 juin pour le rapatriement de 4.644 Marocains bloqu\u00e9s dans 17 pays.<\/p>\n<\/div>\n<p>Auteur: Meriem IGASS<br \/>\n<a href=\"http:\/\/www.mapmarrakech.ma\/fr\/rapatriement-des-marocains-bloques-en-allemagne\/\">Cliquez ici pour lire l&rsquo;article depuis sa source.<\/a><\/p>\n","protected":false},"excerpt":{"rendered":"<p>L\u2019op\u00e9ration de rapatriement des Marocains bloqu\u00e9s en Allemagne en raison de la pand\u00e9mie de coronavirus a commenc\u00e9, samedi, avec un vol de la Royal Air Maroc reliant Francfort et Marrakech. Initi\u00e9 par l\u2019Ambassade du Royaume du Maroc \u00e0 Berlin, ce vol s\u2019inscrit dans le cadre de la mobilisation du minist\u00e8re des Affaires \u00e9trang\u00e8res, des ambassades [&hellip;]<\/p>\n","protected":false},"author":1788,"featured_media":90310,"comment_status":"closed","ping_status":"closed","sticky":false,"template":"","format":"standard","meta":{"fifu_image_url":"","fifu_image_alt":"","footnotes":""},"categories":[54,76],"tags":[],"class_list":["post-90309","post","type-post","status-publish","format-standard","has-post-thumbnail","hentry","category-maroc","category-regions"],"_links":{"self":[{"href":"https:\/\/linitiative.ca\/International\/wp-json\/wp\/v2\/posts\/90309","targetHints":{"allow":["GET"]}}],"collection":[{"href":"https:\/\/linitiative.ca\/International\/wp-json\/wp\/v2\/posts"}],"about":[{"href":"https:\/\/linitiative.ca\/International\/wp-json\/wp\/v2\/types\/post"}],"author":[{"embeddable":true,"href":"https:\/\/linitiative.ca\/International\/wp-json\/wp\/v2\/users\/1788"}],"replies":[{"embeddable":true,"href":"https:\/\/linitiative.ca\/International\/wp-json\/wp\/v2\/comments?post=90309"}],"version-history":[{"count":0,"href":"https:\/\/linitiative.ca\/International\/wp-json\/wp\/v2\/posts\/90309\/revisions"}],"wp:featuredmedia":[{"embeddable":true,"href":"https:\/\/linitiative.ca\/International\/wp-json\/"}],"wp:attachment":[{"href":"https:\/\/linitiative.ca\/International\/wp-json\/wp\/v2\/media?parent=90309"}],"wp:term":[{"taxonomy":"category","embeddable":true,"href":"https:\/\/linitiative.ca\/International\/wp-json\/wp\/v2\/categories?post=90309"},{"taxonomy":"post_tag","embeddable":true,"href":"https:\/\/linitiative.ca\/International\/wp-json\/wp\/v2\/tags?post=90309"}],"curies":[{"name":"wp","href":"https:\/\/api.w.org\/{rel}","templated":true}]}}