{"id":90311,"date":"2020-06-27T13:13:01","date_gmt":"2020-06-27T17:13:01","guid":{"rendered":"https:\/\/linitiative.ca\/International\/marocains-bloques-a-letranger-917-personnes-rapatriees\/"},"modified":"2020-06-27T13:13:01","modified_gmt":"2020-06-27T17:13:01","slug":"marocains-bloques-a-letranger-917-personnes-rapatriees","status":"publish","type":"post","link":"https:\/\/linitiative.ca\/International\/marocains-bloques-a-letranger-917-personnes-rapatriees\/","title":{"rendered":"Marocains bloqu\u00e9s \u00e0 l\u2019\u00e9tranger: 917 personnes rapatri\u00e9es"},"content":{"rendered":"<p><iframe loading=\"lazy\" width=\"1170\" height=\"658\" src=\"https:\/\/www.youtube.com\/embed\/khObfZWxYsc?feature=oembed\" frameborder=\"0\" allow=\"accelerometer; autoplay; encrypted-media; gyroscope; picture-in-picture\" allowfullscreen=\"\">[embedded content]<\/iframe><\/p>\n<div class=\"single-post-excerpt post-excerpt-bc\" readability=\"41\">\n<p>Un total de 917 Marocains, tous \u00e2ges confondus, sont arriv\u00e9s, vendredi, \u00e0 l\u2019A\u00e9roport international Marrakech-Menara \u00e0 bord de six vols, op\u00e9r\u00e9s dans le cadre du rapatriement de ces citoyens qui \u00e9taient bloqu\u00e9s \u00e0 l\u2019\u00e9tranger suite \u00e0 la fermeture des fronti\u00e8res a\u00e9riennes, terrestres et maritimes en raison de la pand\u00e9mie du nouveau coronavirus (Covid-19).<\/p>\n<\/div>\n<p>Auteur: Meriem IGASS<br \/>\n<a href=\"http:\/\/www.mapmarrakech.ma\/fr\/marocains-bloques-a-letranger-917-personnes-rapatriees-2\/\">Cliquez ici pour lire l&rsquo;article depuis sa source.<\/a><\/p>\n","protected":false},"excerpt":{"rendered":"<p>[embedded content] Un total de 917 Marocains, tous \u00e2ges confondus, sont arriv\u00e9s, vendredi, \u00e0 l\u2019A\u00e9roport international Marrakech-Menara \u00e0 bord de six vols, op\u00e9r\u00e9s dans le cadre du rapatriement de ces citoyens qui \u00e9taient bloqu\u00e9s \u00e0 l\u2019\u00e9tranger suite \u00e0 la fermeture des fronti\u00e8res a\u00e9riennes, terrestres et maritimes en raison de la pand\u00e9mie du nouveau coronavirus (Covid-19). [&hellip;]<\/p>\n","protected":false},"author":1788,"featured_media":0,"comment_status":"closed","ping_status":"closed","sticky":false,"template":"","format":"standard","meta":{"fifu_image_url":"","fifu_image_alt":"","footnotes":""},"categories":[54,76],"tags":[],"class_list":["post-90311","post","type-post","status-publish","format-standard","hentry","category-maroc","category-regions"],"_links":{"self":[{"href":"https:\/\/linitiative.ca\/International\/wp-json\/wp\/v2\/posts\/90311","targetHints":{"allow":["GET"]}}],"collection":[{"href":"https:\/\/linitiative.ca\/International\/wp-json\/wp\/v2\/posts"}],"about":[{"href":"https:\/\/linitiative.ca\/International\/wp-json\/wp\/v2\/types\/post"}],"author":[{"embeddable":true,"href":"https:\/\/linitiative.ca\/International\/wp-json\/wp\/v2\/users\/1788"}],"replies":[{"embeddable":true,"href":"https:\/\/linitiative.ca\/International\/wp-json\/wp\/v2\/comments?post=90311"}],"version-history":[{"count":0,"href":"https:\/\/linitiative.ca\/International\/wp-json\/wp\/v2\/posts\/90311\/revisions"}],"wp:attachment":[{"href":"https:\/\/linitiative.ca\/International\/wp-json\/wp\/v2\/media?parent=90311"}],"wp:term":[{"taxonomy":"category","embeddable":true,"href":"https:\/\/linitiative.ca\/International\/wp-json\/wp\/v2\/categories?post=90311"},{"taxonomy":"post_tag","embeddable":true,"href":"https:\/\/linitiative.ca\/International\/wp-json\/wp\/v2\/tags?post=90311"}],"curies":[{"name":"wp","href":"https:\/\/api.w.org\/{rel}","templated":true}]}}