{"id":90315,"date":"2020-06-27T10:19:41","date_gmt":"2020-06-27T14:19:41","guid":{"rendered":"https:\/\/linitiative.ca\/International\/quete-de-lexcellence-pour-nos-jeunes\/"},"modified":"2020-06-27T10:19:41","modified_gmt":"2020-06-27T14:19:41","slug":"quete-de-lexcellence-pour-nos-jeunes","status":"publish","type":"post","link":"https:\/\/linitiative.ca\/International\/quete-de-lexcellence-pour-nos-jeunes\/","title":{"rendered":"\u00abQu\u00eate de l&rsquo;excellence pour nos jeunes\u00a0!\u00bb"},"content":{"rendered":"<p class=\"p1 c3\"><span class=\"c2\">Suite \u00e0 la parution dimanche de notre article\u00bb Wad\u00ef Jery tarde \u00e0 trancher\u00bb relatif \u00a0au futur mode \u00e0 adopter par la FTF concernant la comp\u00e9tition des jeunes cette saison et devant l\u2019incertitude taraudant l\u2019esprit des diff\u00e9rents directeurs techniques quant \u00e0 la formule \u00e0 appliquer par la FTF leur permettant de fourbir leurs armes et de pr\u00e9parer de la mani\u00e8re la plus idoine leurs troupes, nous avons pris attache avec le Directeur Technique National (DTN) Sghaier Zouita pour \u00e9clairer notre lanterne \u00e0 ce propos. Nous avons eu avec lui un large tour d\u2019horizon concernant la comp\u00e9tition de nos jeunes et ce en d\u00e9pit de son planning tr\u00e8s charg\u00e9. Entretien :<\/span><\/p>\n<p class=\"p1 c3\"><span class=\"c2\"><strong>Le Temps : Vous n\u2019\u00eates pas sans savoir qu\u2019une grosse majorit\u00e9 de nos clubs s\u2019appr\u00eatent \u00e0 entamer la pr\u00e9paration de leurs cat\u00e9gories des jeunes (des \u00e9coles aux \u00e9lites), certains l\u2019ont d\u00e9j\u00e0 fait. Seulement, les diff\u00e9rents directeurs techniques sont dans l\u2019ind\u00e9cision et l\u2019expectative car la formule \u00e0 adopter par votre (DTN) tarde \u00e0 voir le jour et handicape un tant soit peu leur programmation ?<\/strong><\/span><\/p>\n<p class=\"p1 c3\"><span class=\"c2\"><strong>Sghaier Zouita<span class=\"Apple-converted-space\">\u00a0<\/span><\/strong> : Nous y travaillons d\u2019arrachepied et notre projet est bien ficel\u00e9 avec comme principal objectif : La recherche de l\u2019excellence, de l\u2019Intensit\u00e9 et du volume de jeu autorisant nos jeunes \u00e0 \u00e9voluer dans le tr\u00e8s haut niveau quelle que soit la cat\u00e9gorie \u00e0 laquelle ils appartiennent.<\/span><\/p>\n<p class=\"p1 c3\"><span class=\"c2\"><strong>Alors une poule unique comme la saison derni\u00e8re, deux poules (Nord et centre-sud) ou trois compartimentations (Nord, Centre et Sud) mais en impliquant dans cette derni\u00e8re alternative les clubs appartenant aux paliers inf\u00e9rieurs pour arrondir le compte ?<\/strong><\/span><\/p>\n<p class=\"p1 c3\"><span class=\"c2\">Ni l\u2019une ni l\u2019autre ! Vous concevez que je ne puis vous affranchir \u00e0 ce sujet et anticiper la d\u00e9cision d\u00e9finitive du BF seule instance habilit\u00e9e \u00e0 la rendre publique. Cependant je suis en mesure de vous affirmer que nous avons pris en consid\u00e9ration en plus de la recherche de la haute performance de nos comp\u00e9titeurs, le fait d\u2019\u00e9viter les longs d\u00e9placements fort on\u00e9reux et de nature \u00e0 grever lourdement les caisses de nos clubs d\u00e9j\u00e0 suffisamment sollicit\u00e9es. De la sorte nous escomptons avoir des confrontations \u00e9quilibr\u00e9es, d\u2019un niveau technique remarquable et surtout ne plus enregistrer les multiples d\u00e9fections (forfaits) par manque de moyens financiers.<\/span><\/p>\n<p class=\"p1 c3\"><span class=\"c2\"><strong>En pr\u00f4nant pareille mesure, vous jouez le jeu du plus grand nombre de pr\u00e9sidents ne se souciant que de leur \u00abOnze rentrant \u00ab des s\u00e9niors v\u00e9ritable vitrine de leur club et ne se souciant nullement de la pr\u00e9formation, de la formation de leurs jeunes ?<\/strong><\/span><\/p>\n<p class=\"p1 c3\"><span class=\"c2\">Rectification : Quelques pr\u00e9sidents seulement et pas la majorit\u00e9 comme vous venez de l\u2019insinuer ! Sans entrer dans les d\u00e9tails, je vous assure que notre projet alliera le bien\u00eatre de nos joueurs et la qui\u00e9tude de leur pr\u00e9sident.\u00a0<\/span><\/p>\n<p class=\"p2 c4\"><span class=\"c2\"><strong>Parlez-nous de vos centres sectoriels ?<\/strong><\/span><\/p>\n<p class=\"p1 c3\"><span class=\"c2\">Ils sont au nombre de neuf (9) o\u00f9 nous assurons le suivi des meilleurs \u00e9l\u00e9ments des diff\u00e9rentes r\u00e9gions volet (H\u00e9bergement, Etudes, Alimentation saine, Entrainements, etc.) en plus du centre de Bordj Cedria tous sous l\u2019\u00e9gide de la FTF. Les meilleurs \u00e9l\u00e9ments seront par la suite s\u00e9lectionn\u00e9s et dirig\u00e9s vers le Lyc\u00e9e Sportif avec en prime la participation \u00e0 des tournois locaux voire internationaux. Cette prospection de fourmi \u00e0 la base et cette strat\u00e9gie de longue haleine finiront \u00e0 plus ou moins longue \u00e9ch\u00e9ance \u00e0 nous donner des footballeurs de tr\u00e8s haut niveau pour le bien de notre Onze National.<\/span><\/p>\n<p class=\"p1 c3\"><span class=\"c2\"><strong>Lors des matches des jeunes, un joueur averti une seule fois constate que son carton jaune n\u2019est pas comptabilis\u00e9 \u00e0 l\u2019instar des s\u00e9niors. Du coup, une certaine \u00ab insouciance\u00bb chez certains joueurs (toujours les m\u00eames) avec une propension \u00e9vidente de leur part \u00e0 provoquer r\u00e9guli\u00e8rement et \u00e0 chaque sortie l\u2019arbitre, l\u2019adversaire voire le banc oppos\u00e9, forts de l\u2019impunit\u00e9. Ne pensez-vous pas qu\u2019il est grand temps d\u2019abroger cette mesure car une fois avec les s\u00e9niors, ces mauvais r\u00e9flexes risquent de leur jouer de tr\u00e8s mauvais tours en leur collant \u00e0 la peau ?<\/strong><\/span><\/p>\n<p class=\"p1 c3\"><span class=\"c2\">Je suis parfaitement d\u2019accord sur ce point et sous peu, nous allons y rem\u00e9dier du moins concernant les Cadets (A), Les Juniors et les Elites. Pour les autres, c\u2019est comme \u00e0 la maison o\u00f9 notre comportement est plus cl\u00e9ment et tol\u00e9rant avec nos gamins qu\u2019on leur passe avec mansu\u00e9tude et magnanimit\u00e9 leurs \u00e9carts sommes toutes ne portant pas tellement \u00e0 cons\u00e9quence au vu de leur tr\u00e8s jeune \u00e2ge.<\/span><\/p>\n<p class=\"p1 c3\"><span class=\"c2\"><strong>Une derni\u00e8re remarque que nous vous faisons mais sans toutefois interf\u00e9rer dans la libre d\u00e9cision des instances concern\u00e9es : La d\u00e9signation des arbitres des jeunes ouvre parfois voire souvent la porte \u00e0 des supputations et autres suspicions somme toutes \u00ab logiques et l\u00e9gitimes \u00ab mais ais\u00e9ment \u00e9vitables avec une approche plus approfondie de part de la commission d\u2019arbitrage. A titre d\u2019exemple (et les cas sont des plus nombreux \u00e0 ce propos) il aurait \u00e9t\u00e9 souhaitable de ne point d\u00e9signer un arbitre de la Ligue de Sousse pour une rencontre mettant aux prises disons : le CA et le ST tout en sachant que l\u2019un de ces deux protagonistes voire tous les deux jouent et disputent le titre avec l\u2019ESS ?<\/strong><\/span><\/p>\n<p class=\"p1 c3\"><span class=\"c2\">Ecoutez, je ne me rabaisse pas \u00e0 ces consid\u00e9rations de bas \u00e9tage du moment qu\u2019il n\u2019y a eu \u00e0 notre niveau aucune dol\u00e9ance, aucune plainte de ce genre avec un manque \u00e9vident de preuves !<\/span><\/p>\n<p class=\"p1 c3\"><span class=\"c2\"><strong>Oui mais vous n\u2019\u00eates pas sans savoir que les comp\u00e9titons des jeunes ne jouissent pas de la couverture TV de la chaine nationale seule habilit\u00e9e \u00e0 \u00eatre prise en consid\u00e9ration par les plaignants ?<\/strong><\/span><\/p>\n<p class=\"p1 c3\"><span class=\"c2\">Mon bureau est ouvert \u00e0 tous les clubs et je n\u2019ai jusque-l\u00e0 re\u00e7u aucune plainte par\u00bb \u00e9crit\u00bb \u00e0 ce sujet. Je reste \u00e0 l\u2019enti\u00e8re disposition de tous ceux qui estiment avoir \u00e9t\u00e9 l\u00e9s\u00e9s car nous pr\u00f4nons \u00e0 la FTF la clart\u00e9, l\u2019impartialit\u00e9, l\u2019\u00e9quit\u00e9, la parfaite \u00e9galit\u00e9 des chances et surtout l\u2019application stricte et rigoureuse de la loi et ce, quel que soit le nom du club en question.<\/span><\/p>\n<p class=\"p3 c5\">\u00a0<\/p>\n<p class=\"p4 c6\"><span class=\"c2\"><strong>Entretien conduit par Mohamed Sahbi RAMMAH<\/strong><\/span><\/p>\n<p>Auteur: letemps1<br \/>\n<a href=\"http:\/\/www.letemps.com.tn\/article\/115193\/%C2%ABqu%C3%AAte-de-lexcellence-pour-nos-jeunes%C2%A0%C2%BB\">Cliquez ici pour lire l&rsquo;article depuis sa source.<\/a><\/p>\n","protected":false},"excerpt":{"rendered":"<p>Suite \u00e0 la parution dimanche de notre article\u00bb Wad\u00ef Jery tarde \u00e0 trancher\u00bb relatif \u00a0au futur mode \u00e0 adopter par la FTF concernant la comp\u00e9tition des jeunes cette saison et devant l\u2019incertitude taraudant l\u2019esprit des diff\u00e9rents directeurs techniques quant \u00e0 la formule \u00e0 appliquer par la FTF leur permettant de fourbir leurs armes et de [&hellip;]<\/p>\n","protected":false},"author":1773,"featured_media":0,"comment_status":"closed","ping_status":"closed","sticky":false,"template":"","format":"standard","meta":{"fifu_image_url":"","fifu_image_alt":"","footnotes":""},"categories":[73,55],"tags":[],"class_list":["post-90315","post","type-post","status-publish","format-standard","hentry","category-actualite","category-tunisie"],"_links":{"self":[{"href":"https:\/\/linitiative.ca\/International\/wp-json\/wp\/v2\/posts\/90315","targetHints":{"allow":["GET"]}}],"collection":[{"href":"https:\/\/linitiative.ca\/International\/wp-json\/wp\/v2\/posts"}],"about":[{"href":"https:\/\/linitiative.ca\/International\/wp-json\/wp\/v2\/types\/post"}],"author":[{"embeddable":true,"href":"https:\/\/linitiative.ca\/International\/wp-json\/wp\/v2\/users\/1773"}],"replies":[{"embeddable":true,"href":"https:\/\/linitiative.ca\/International\/wp-json\/wp\/v2\/comments?post=90315"}],"version-history":[{"count":0,"href":"https:\/\/linitiative.ca\/International\/wp-json\/wp\/v2\/posts\/90315\/revisions"}],"wp:attachment":[{"href":"https:\/\/linitiative.ca\/International\/wp-json\/wp\/v2\/media?parent=90315"}],"wp:term":[{"taxonomy":"category","embeddable":true,"href":"https:\/\/linitiative.ca\/International\/wp-json\/wp\/v2\/categories?post=90315"},{"taxonomy":"post_tag","embeddable":true,"href":"https:\/\/linitiative.ca\/International\/wp-json\/wp\/v2\/tags?post=90315"}],"curies":[{"name":"wp","href":"https:\/\/api.w.org\/{rel}","templated":true}]}}