{"id":90316,"date":"2020-06-27T15:13:21","date_gmt":"2020-06-27T19:13:21","guid":{"rendered":"https:\/\/linitiative.ca\/International\/international-tottenham-les-spurs-veulent-prolonger-le-fils-de-pochettino\/"},"modified":"2020-06-27T15:13:21","modified_gmt":"2020-06-27T19:13:21","slug":"international-tottenham-les-spurs-veulent-prolonger-le-fils-de-pochettino","status":"publish","type":"post","link":"https:\/\/linitiative.ca\/International\/international-tottenham-les-spurs-veulent-prolonger-le-fils-de-pochettino\/","title":{"rendered":"International : Tottenham : Les Spurs veulent prolonger le fils de Pochettino"},"content":{"rendered":"<div readability=\"32\">\n<p>Auteur : <span class=\"time\">samedi 27 juin 2020 14:30<\/span><\/p>\n<\/div>\n<div id=\"post_core\" readability=\"50\">\n<p>L&rsquo;Argentin, qui a \u00e9t\u00e9 remplac\u00e9 par Jos\u00e9 Mourinho sur le banc des Spurs, est en qu\u00eate d&rsquo;un nouveau challenge. Son nom a \u00e9t\u00e9 associ\u00e9 \u00e0 divers clubs, dont Newcastle. Mais finalement, il est encore sur le march\u00e9. Il peut ainsi suivre les rencontres, dont celles de son fils Maurizio. Ce dernier \u00e9volue \u00e0 Tottenham.<\/p>\n<p>Selon les informations de\u00a0Skysports et Footmercato, les Londoniens ont propos\u00e9 un nouveau contrat au fils de Pochettino. Mais il n&rsquo;est pas pr\u00e9cis\u00e9 si sa r\u00e9ponse a \u00e9t\u00e9 positive ou non. Pour information, Maurizio Pochettino, \u00e2g\u00e9 de 19 ans, a rejoint l&rsquo;acad\u00e9mie des Spurs en 2017<\/p>\n<p><strong>Publi\u00e9 dans :<\/strong> <span>Tottenham<\/span> <span>Maurizio Pochettino<\/span><\/p>\n<\/div>\n<p>Auteur:<br \/>\n<a href=\"http:\/\/www.lebuteur.com\/article\/detail?titre=tottenham-les-spurs-veulent-prolonger-le-fils-de-pochettino&#038;id=96401&#038;utm_source=feedburner&#038;utm_medium=feed&#038;utm_campaign=Feed%3A+GalerieFArtciles+%28Les+derniers+articles++-+lebuteur.com%29\">Cliquez ici pour lire l&rsquo;article depuis sa source.<\/a><\/p>\n","protected":false},"excerpt":{"rendered":"<p>Auteur : samedi 27 juin 2020 14:30 L&rsquo;Argentin, qui a \u00e9t\u00e9 remplac\u00e9 par Jos\u00e9 Mourinho sur le banc des Spurs, est en qu\u00eate d&rsquo;un nouveau challenge. Son nom a \u00e9t\u00e9 associ\u00e9 \u00e0 divers clubs, dont Newcastle. Mais finalement, il est encore sur le march\u00e9. Il peut ainsi suivre les rencontres, dont celles de son fils [&hellip;]<\/p>\n","protected":false},"author":1738,"featured_media":90317,"comment_status":"closed","ping_status":"closed","sticky":false,"template":"","format":"standard","meta":{"fifu_image_url":"","fifu_image_alt":"","footnotes":""},"categories":[53,75],"tags":[],"class_list":["post-90316","post","type-post","status-publish","format-standard","has-post-thumbnail","hentry","category-algerie","category-sport"],"_links":{"self":[{"href":"https:\/\/linitiative.ca\/International\/wp-json\/wp\/v2\/posts\/90316","targetHints":{"allow":["GET"]}}],"collection":[{"href":"https:\/\/linitiative.ca\/International\/wp-json\/wp\/v2\/posts"}],"about":[{"href":"https:\/\/linitiative.ca\/International\/wp-json\/wp\/v2\/types\/post"}],"author":[{"embeddable":true,"href":"https:\/\/linitiative.ca\/International\/wp-json\/wp\/v2\/users\/1738"}],"replies":[{"embeddable":true,"href":"https:\/\/linitiative.ca\/International\/wp-json\/wp\/v2\/comments?post=90316"}],"version-history":[{"count":0,"href":"https:\/\/linitiative.ca\/International\/wp-json\/wp\/v2\/posts\/90316\/revisions"}],"wp:featuredmedia":[{"embeddable":true,"href":"https:\/\/linitiative.ca\/International\/wp-json\/"}],"wp:attachment":[{"href":"https:\/\/linitiative.ca\/International\/wp-json\/wp\/v2\/media?parent=90316"}],"wp:term":[{"taxonomy":"category","embeddable":true,"href":"https:\/\/linitiative.ca\/International\/wp-json\/wp\/v2\/categories?post=90316"},{"taxonomy":"post_tag","embeddable":true,"href":"https:\/\/linitiative.ca\/International\/wp-json\/wp\/v2\/tags?post=90316"}],"curies":[{"name":"wp","href":"https:\/\/api.w.org\/{rel}","templated":true}]}}