{"id":90322,"date":"2020-06-27T15:13:26","date_gmt":"2020-06-27T19:13:26","guid":{"rendered":"https:\/\/linitiative.ca\/International\/pros-bennacer-na-que-le-milan-ac-dans-sa-tete\/"},"modified":"2020-06-27T15:13:26","modified_gmt":"2020-06-27T19:13:26","slug":"pros-bennacer-na-que-le-milan-ac-dans-sa-tete","status":"publish","type":"post","link":"https:\/\/linitiative.ca\/International\/pros-bennacer-na-que-le-milan-ac-dans-sa-tete\/","title":{"rendered":"Pros : Bennacer n\u2019a que le Milan AC dans sa t\u00eate !"},"content":{"rendered":"<div readability=\"32\">\n<p>Auteur : <span class=\"time\">samedi 27 juin 2020 17:23<\/span><\/p>\n<\/div>\n<div id=\"post_core\" readability=\"55\">\n<p>\u00a0Le milieu de terrain alg\u00e9rien, Ismael Bennacer est l&rsquo;un des joueurs du Milan AC\u00a0 les PLUS demand\u00e9s cette\u00a0 ann\u00e9e\u00a0 sur le march\u00e9 des transferts. Ce n&rsquo;est pas un hasard si son nom a \u00e9t\u00e9 associ\u00e9 \u00e0 au moins trois grandes \u00e9curies du football en Europe. Il s\u2019agit de \u00a0Manchester City, le Real Madrid et surtout le Paris Saint-Germain. Si l\u2019int\u00e9r\u00eat parisien existe le site italien milanlive.it, tr\u00e8s au fait des affaires du club milanais, a affirm\u00e9 hier qu\u2019aucune offre n\u2019a \u00e9t\u00e9 re\u00e7ue par la direction milanaise. \u00ab\u00a0La volont\u00e9 de Bennacer est claire, et il l&rsquo;a d\u00e9j\u00e0 r\u00e9it\u00e9r\u00e9e plusieurs fois: dans sa t\u00eate il n&rsquo;a que Milan\u00a0\u00bb Une d\u00e9claration qui vient confirmer l\u2019information parue sur le Buteur et reprise par plusieurs sites internationaux sans qu\u2019elle ne soit jamais d\u00e9mentie, il y a de cela plusieurs jours. Tr\u00e8s professionnel et avare en mati\u00e8re de communication,\u00a0 Bennacer qui ne s&rsquo;est jamais prononc\u00e9 sur son\u00a0 avenir,\u00a0 n\u2019a jamais affich\u00e9 une\u00a0 quelconque pr\u00e9f\u00e9rence au PSG ou autre club, confirme donc milanlive.it<\/p>\n<p><strong>Imperturbable avant le choc contre la Roma<\/strong><\/p>\n<p>L\u2019Alg\u00e9rien du Milan AC Ismael Bennacer engag\u00e9 \u00e0 fond avec son club dans une course acharn\u00e9e pour une place europ\u00e9enne, est annonc\u00e9 titulaire demain contre l\u2019AS Rome. El\u00e9ment essentiel dans l\u2019\u00e9chiquier de son entraineur Stephano Pioli, Bennacer est imperturbable malgr\u00e9 toutes les rumeurs l\u2019annon\u00e7ant tant\u00f4t au PSG tant\u00f4t \u00e0 Manchester City et tant\u00f4t au Real Madrid. \u00a0<\/p>\n<p><strong>Moumen A.<\/strong><\/p>\n<p><strong>Publi\u00e9 dans :<\/strong> <span>djamel belmadi<\/span> <span>BENNACER<\/span><\/p>\n<\/div>\n<p>Auteur:<br \/>\n<a href=\"http:\/\/www.lebuteur.com\/article\/detail?titre=bennacer-na-que-le-milan-ac-dans-sa-tete&#038;id=96405&#038;utm_source=feedburner&#038;utm_medium=feed&#038;utm_campaign=Feed%3A+GalerieFArtciles+%28Les+derniers+articles++-+lebuteur.com%29\">Cliquez ici pour lire l&rsquo;article depuis sa source.<\/a><\/p>\n","protected":false},"excerpt":{"rendered":"<p>Auteur : samedi 27 juin 2020 17:23 \u00a0Le milieu de terrain alg\u00e9rien, Ismael Bennacer est l&rsquo;un des joueurs du Milan AC\u00a0 les PLUS demand\u00e9s cette\u00a0 ann\u00e9e\u00a0 sur le march\u00e9 des transferts. Ce n&rsquo;est pas un hasard si son nom a \u00e9t\u00e9 associ\u00e9 \u00e0 au moins trois grandes \u00e9curies du football en Europe. Il s\u2019agit de [&hellip;]<\/p>\n","protected":false},"author":1738,"featured_media":90323,"comment_status":"closed","ping_status":"closed","sticky":false,"template":"","format":"standard","meta":{"fifu_image_url":"","fifu_image_alt":"","footnotes":""},"categories":[53,75],"tags":[],"class_list":["post-90322","post","type-post","status-publish","format-standard","has-post-thumbnail","hentry","category-algerie","category-sport"],"_links":{"self":[{"href":"https:\/\/linitiative.ca\/International\/wp-json\/wp\/v2\/posts\/90322","targetHints":{"allow":["GET"]}}],"collection":[{"href":"https:\/\/linitiative.ca\/International\/wp-json\/wp\/v2\/posts"}],"about":[{"href":"https:\/\/linitiative.ca\/International\/wp-json\/wp\/v2\/types\/post"}],"author":[{"embeddable":true,"href":"https:\/\/linitiative.ca\/International\/wp-json\/wp\/v2\/users\/1738"}],"replies":[{"embeddable":true,"href":"https:\/\/linitiative.ca\/International\/wp-json\/wp\/v2\/comments?post=90322"}],"version-history":[{"count":0,"href":"https:\/\/linitiative.ca\/International\/wp-json\/wp\/v2\/posts\/90322\/revisions"}],"wp:featuredmedia":[{"embeddable":true,"href":"https:\/\/linitiative.ca\/International\/wp-json\/"}],"wp:attachment":[{"href":"https:\/\/linitiative.ca\/International\/wp-json\/wp\/v2\/media?parent=90322"}],"wp:term":[{"taxonomy":"category","embeddable":true,"href":"https:\/\/linitiative.ca\/International\/wp-json\/wp\/v2\/categories?post=90322"},{"taxonomy":"post_tag","embeddable":true,"href":"https:\/\/linitiative.ca\/International\/wp-json\/wp\/v2\/tags?post=90322"}],"curies":[{"name":"wp","href":"https:\/\/api.w.org\/{rel}","templated":true}]}}