{"id":90327,"date":"2020-06-26T19:00:00","date_gmt":"2020-06-26T23:00:00","guid":{"rendered":"https:\/\/linitiative.ca\/International\/le-directeur-general-de-linstitut-pasteur-dalgerie-2-500-tests-de-depistage-par-jour\/"},"modified":"2020-06-26T19:00:00","modified_gmt":"2020-06-26T23:00:00","slug":"le-directeur-general-de-linstitut-pasteur-dalgerie-2-500-tests-de-depistage-par-jour","status":"publish","type":"post","link":"https:\/\/linitiative.ca\/International\/le-directeur-general-de-linstitut-pasteur-dalgerie-2-500-tests-de-depistage-par-jour\/","title":{"rendered":"Le directeur g\u00e9n\u00e9ral de l\u2019Institut Pasteur d\u2019Alg\u00e9rie : \u00ab2.500 tests de d\u00e9pistage par jour\u00bb"},"content":{"rendered":"<p>Le directeur g\u00e9n\u00e9ral de l\u2019Institut Pasteur d\u2019Alg\u00e9rie, Dr Fawzi Derrar, a indiqu\u00e9 que 2.500 tests de d\u00e9pistage du coronavirus par jour \u00e9taient r\u00e9alis\u00e9s \u00e0 travers les diff\u00e9rentes r\u00e9gions du pays. Dans une d\u00e9claration \u00e0 l\u2019APS, le Dr Derrar a pr\u00e9cis\u00e9 que l\u2019Institut Pasteur d\u2019Alg\u00e9rie s\u2019employait \u00e0 augmenter le nombre de laboratoires dans les diff\u00e9rentes wilayas, notamment celles enregistrant une recrudescence des cas de Covid-19, annon\u00e7ant par l\u00e0 m\u00eame l\u2019ouverture, la semaine prochaine, de deux (2) laboratoires \u00e0 Annaba et S\u00e9tif pour r\u00e9pondre \u00e0 la demande, sachant que ces deux wilayas ont b\u00e9n\u00e9fici\u00e9 d\u2019une structure sanitaire analogue depuis l\u2019apparition de l\u2019\u00e9pid\u00e9mie. L\u2019institut Pasteur d\u2019Alg\u00e9rie \u00abaccompagne \u00e9galement les nouveaux laboratoires en termes de formation et d\u2019orientation afin d\u2019assurer une couverture \u00e9quitable \u00e0 travers les diff\u00e9rentes r\u00e9gions du pays\u00bb, a-t-il dit. Et d\u2019ajouter que ces deux nouvelles structures porteront \u00e0 29 le nombre de laboratoires r\u00e9alisant le d\u00e9pistage du coronavirus \u00e0 travers le territoire national, dont certains rel\u00e8vent de l\u2019Institut Pasteur d\u2019Alg\u00e9rie et d\u2019autres d\u2019\u00e9tablissements hospitaliers ou universitaires, soulignant que leur nombre augmentera \u00e0 l\u2019avenir.<\/p>\n<p>Auteur: elmoudjahid<br \/>\n<a href=\"http:\/\/www.elmoudjahid.com\/fr\/actualites\/155602\">Cliquez ici pour lire l&rsquo;article depuis sa source.<\/a><\/p>\n","protected":false},"excerpt":{"rendered":"<p>Le directeur g\u00e9n\u00e9ral de l\u2019Institut Pasteur d\u2019Alg\u00e9rie, Dr Fawzi Derrar, a indiqu\u00e9 que 2.500 tests de d\u00e9pistage du coronavirus par jour \u00e9taient r\u00e9alis\u00e9s \u00e0 travers les diff\u00e9rentes r\u00e9gions du pays. Dans une d\u00e9claration \u00e0 l\u2019APS, le Dr Derrar a pr\u00e9cis\u00e9 que l\u2019Institut Pasteur d\u2019Alg\u00e9rie s\u2019employait \u00e0 augmenter le nombre de laboratoires dans les diff\u00e9rentes wilayas, [&hellip;]<\/p>\n","protected":false},"author":1744,"featured_media":0,"comment_status":"closed","ping_status":"closed","sticky":false,"template":"","format":"standard","meta":{"fifu_image_url":"","fifu_image_alt":"","footnotes":""},"categories":[73,53],"tags":[],"class_list":["post-90327","post","type-post","status-publish","format-standard","hentry","category-actualite","category-algerie"],"_links":{"self":[{"href":"https:\/\/linitiative.ca\/International\/wp-json\/wp\/v2\/posts\/90327","targetHints":{"allow":["GET"]}}],"collection":[{"href":"https:\/\/linitiative.ca\/International\/wp-json\/wp\/v2\/posts"}],"about":[{"href":"https:\/\/linitiative.ca\/International\/wp-json\/wp\/v2\/types\/post"}],"author":[{"embeddable":true,"href":"https:\/\/linitiative.ca\/International\/wp-json\/wp\/v2\/users\/1744"}],"replies":[{"embeddable":true,"href":"https:\/\/linitiative.ca\/International\/wp-json\/wp\/v2\/comments?post=90327"}],"version-history":[{"count":0,"href":"https:\/\/linitiative.ca\/International\/wp-json\/wp\/v2\/posts\/90327\/revisions"}],"wp:attachment":[{"href":"https:\/\/linitiative.ca\/International\/wp-json\/wp\/v2\/media?parent=90327"}],"wp:term":[{"taxonomy":"category","embeddable":true,"href":"https:\/\/linitiative.ca\/International\/wp-json\/wp\/v2\/categories?post=90327"},{"taxonomy":"post_tag","embeddable":true,"href":"https:\/\/linitiative.ca\/International\/wp-json\/wp\/v2\/tags?post=90327"}],"curies":[{"name":"wp","href":"https:\/\/api.w.org\/{rel}","templated":true}]}}