{"id":90328,"date":"2020-06-26T19:00:00","date_gmt":"2020-06-26T23:00:00","guid":{"rendered":"https:\/\/linitiative.ca\/International\/lutte-contre-la-pandemie-la-part-du-citoyen\/"},"modified":"2020-06-26T19:00:00","modified_gmt":"2020-06-26T23:00:00","slug":"lutte-contre-la-pandemie-la-part-du-citoyen","status":"publish","type":"post","link":"https:\/\/linitiative.ca\/International\/lutte-contre-la-pandemie-la-part-du-citoyen\/","title":{"rendered":"Lutte contre la pand\u00e9mie : La part du citoyen"},"content":{"rendered":"<p>Le pays traverse une phase cruciale de d\u00e9confinement dans laquelle le citoyen est appel\u00e9 \u00e0 peser de tout son poids pour parvenir au bout du tunnel apr\u00e8s plusieurs mois de confinement. Une d\u00e9marche \u00e9volutive et flexible, conform\u00e9ment aux instructions de nos autorit\u00e9s sanitaires et aux recommandations de l\u2019Organisation mondiale de la sant\u00e9. Pour mener \u00e0 bien cette op\u00e9ration, il importe, plus que jamais, de veiller au strict respect des mesures de pr\u00e9vention sur les lieux de travail et dans les espaces publics. Faute de quoi, tout sera remis en question : les efforts consentis, les sacrifices des personnels de sant\u00e9 et de tous les secteurs concern\u00e9s, la reprise de l\u2019ensemble des activit\u00e9s \u00e9conomiques, politiques, culturelles hypoth\u00e9qu\u00e9e. L\u2019\u00e9ventualit\u00e9 d\u2019un retour partiel ou cibl\u00e9 \u00e0 la case d\u00e9part n\u2019est pas \u00e0 exclure, si cela s\u2019av\u00e8re n\u00e9cessaire. Un haut degr\u00e9 de prudence est de mise \u00e0 partir du moment o\u00f9 il n\u2019existe pas encore de vaccin. Par cons\u00e9quent la population est particuli\u00e8rement exhort\u00e9e \u00e0 respecter les mesures barri\u00e8res, notamment la distanciation sociale, l\u2019hygi\u00e8ne et le lavage fr\u00e9quent des mains, le port obligatoire du masque de protection en\u2008toute circonstance, surtout dans les endroits ferm\u00e9s. Il faut rappeler que le port du masque est une mesure r\u00e9gie par d\u00e9cret ex\u00e9cutif. Dans la conjoncture actuelle, nous n\u2019avons d\u2019autre choix que de nous astreindre \u00e0 respecter les mesures barri\u00e8res. L\u2019appel \u00e0 la population est r\u00e9it\u00e9r\u00e9 pour qu\u2019elle soit consciente et responsable \u00e0 partir du moment o\u00f9 elle joue un r\u00f4le d\u2019alli\u00e9 strat\u00e9gique, de maillon essentiel dans ce front de lutte primordial. Par son sens de la discipline, elle contribue \u00e0 r\u00e9duire le nombre de cas par jour et le nombre de passages en r\u00e9animation. La lev\u00e9e d\u00e9finitive des restrictions avec m\u00e9thode et efficacit\u00e9 constitue un objectif cardinal \u00e0 concr\u00e9tiser, m\u00eame si l\u2019op\u00e9ration est complexe. Il convient de noter que l\u2019extr\u00eame pr\u00e9occupation des pouvoirs publics est d\u2019\u00e9viter l\u2019apparition d\u2019une seconde vague. Les autorit\u00e9s comp\u00e9tentes comptent donc sur le civisme de nos compatriotes. Il incombe \u00e0 tous les membres de la soci\u00e9t\u00e9, appel\u00e9s \u00e0 pr\u00e9server les acquis enregistr\u00e9s, \u00e0 prot\u00e9ger les vies humaines, car toute complaisance ou n\u00e9gligence peut \u00eatre ch\u00e8rement pay\u00e9e. Et pour cause : les sp\u00e9cialistes s\u2019accordent \u00e0 affirmer que la m\u00e9decine ne dispose pas encore de vaccin efficace capable d\u2019interrompre totalement la transmission. La certitude d\u2019en finir avec le virus est r\u00e9elle car la situation \u00e9pid\u00e9mique n\u2019est pas catastrophique chez nous, malgr\u00e9 le rebond du Coronavirus. Avec le d\u00e9confinement et le brassage des populations, il est normal qu\u2019il y ait une circulation du virus. Des citoyens se sont rel\u00e2ch\u00e9s et ont agi comme si de rien n\u2019\u00e9tait. Ils ont certainement interpr\u00e9t\u00e9 le d\u00e9confinement comme une fin de la pand\u00e9mie. Erreur grossi\u00e8re. Il faut se convaincre que nous sommes dans un \u00e9tat d\u2019urgence sanitaire et qu\u2019il y a danger vis-\u00e0-vis de la collectivit\u00e9 et de la soci\u00e9t\u00e9. Un travail de communication et de sensibilisation doit se faire parall\u00e8lement avec l\u2019application de sanctions coercitives qui sont l\u00e9gales. Le pays est \u00e0 la crois\u00e9e des chemins, nos r\u00e9actions sont d\u00e9terminantes au regard de notre volont\u00e9 d\u2019apporter notre concours au succ\u00e8s de ce d\u00e9confinement et de permettre au plus t\u00f4t la reprise d\u2019une vie normale. Le destin de la Covid-19 est entre les mains des citoyens.\u00a0\u00a0<br \/>M. Bouraib<\/p>\n<p>Auteur: elmoudjahid<br \/>\n<a href=\"http:\/\/www.elmoudjahid.com\/fr\/actualites\/155603\">Cliquez ici pour lire l&rsquo;article depuis sa source.<\/a><\/p>\n","protected":false},"excerpt":{"rendered":"<p>Le pays traverse une phase cruciale de d\u00e9confinement dans laquelle le citoyen est appel\u00e9 \u00e0 peser de tout son poids pour parvenir au bout du tunnel apr\u00e8s plusieurs mois de confinement. Une d\u00e9marche \u00e9volutive et flexible, conform\u00e9ment aux instructions de nos autorit\u00e9s sanitaires et aux recommandations de l\u2019Organisation mondiale de la sant\u00e9. Pour mener \u00e0 [&hellip;]<\/p>\n","protected":false},"author":1744,"featured_media":0,"comment_status":"closed","ping_status":"closed","sticky":false,"template":"","format":"standard","meta":{"fifu_image_url":"","fifu_image_alt":"","footnotes":""},"categories":[73,53],"tags":[],"class_list":["post-90328","post","type-post","status-publish","format-standard","hentry","category-actualite","category-algerie"],"_links":{"self":[{"href":"https:\/\/linitiative.ca\/International\/wp-json\/wp\/v2\/posts\/90328","targetHints":{"allow":["GET"]}}],"collection":[{"href":"https:\/\/linitiative.ca\/International\/wp-json\/wp\/v2\/posts"}],"about":[{"href":"https:\/\/linitiative.ca\/International\/wp-json\/wp\/v2\/types\/post"}],"author":[{"embeddable":true,"href":"https:\/\/linitiative.ca\/International\/wp-json\/wp\/v2\/users\/1744"}],"replies":[{"embeddable":true,"href":"https:\/\/linitiative.ca\/International\/wp-json\/wp\/v2\/comments?post=90328"}],"version-history":[{"count":0,"href":"https:\/\/linitiative.ca\/International\/wp-json\/wp\/v2\/posts\/90328\/revisions"}],"wp:attachment":[{"href":"https:\/\/linitiative.ca\/International\/wp-json\/wp\/v2\/media?parent=90328"}],"wp:term":[{"taxonomy":"category","embeddable":true,"href":"https:\/\/linitiative.ca\/International\/wp-json\/wp\/v2\/categories?post=90328"},{"taxonomy":"post_tag","embeddable":true,"href":"https:\/\/linitiative.ca\/International\/wp-json\/wp\/v2\/tags?post=90328"}],"curies":[{"name":"wp","href":"https:\/\/api.w.org\/{rel}","templated":true}]}}