{"id":90333,"date":"2020-06-27T12:20:00","date_gmt":"2020-06-27T16:20:00","guid":{"rendered":"https:\/\/linitiative.ca\/International\/marhoumsidi-bel-abbes-refus-de-la-commutation-dun-cem-en-ecole-primaire\/"},"modified":"2020-06-27T12:20:00","modified_gmt":"2020-06-27T16:20:00","slug":"marhoumsidi-bel-abbes-refus-de-la-commutation-dun-cem-en-ecole-primaire","status":"publish","type":"post","link":"https:\/\/linitiative.ca\/International\/marhoumsidi-bel-abbes-refus-de-la-commutation-dun-cem-en-ecole-primaire\/","title":{"rendered":"MARHOUM(SIDI BEL ABBES)   : Refus de la commutation d&rsquo;un CEM en \u00e9cole primaire"},"content":{"rendered":"<p><br id=\"sep_para_1\" class=\"sep_para access\"\/><\/p>\n<div id=\"para_1\" class=\"para_37623304 resize\">\n<div class=\"texte access firstletter\">Dans une lettre collective, d\u00fbment r\u00e9dig\u00e9e et sign\u00e9e, et dont \u00a0\u00bbR\u00e9flexion\u00a0\u00bb d\u00e9tient une copie, les pr\u00e9sidents d&rsquo;une quinzaine d&rsquo;associations locales, membres de la soci\u00e9t\u00e9 civile et autres citoyens de Marhoum,100 km au sud de Sidi Bel Abbes, se sont \u00e9lev\u00e9s ces derniers jours \u00e0 l&rsquo;unanimit\u00e9, pour refuser\u00a0 une d\u00e9cision prise lors d&rsquo;une r\u00e9union prise par une commission mixte compos\u00e9e du Chef de la Da\u00efra et du P\/APC de Marhoum, du\u00a0 DEW de Sidi Bel Abb\u00e8s, des directeurs d&rsquo;\u00e9coles primaires et de l&rsquo;inspecteur\u00a0 d&rsquo;administration de la circonscription territoriale de Ras -El-Ma.\u00a0 \u00a0\u00bbMonsieur le Wali, soulignent-ils\u00a0 dans la lettre, nous tenons respectueusement et pour la seconde fois ,\u00e0 porter \u00e0 votre connaissance que la r\u00e9union en question a \u00e9t\u00e9 tenue le 18 juin dernier ,en l\u2019absence des premi\u00e8res personnes concern\u00e9es de la ville de Marhoum et notamment les repr\u00e9sentants des sages de Marhoum ,ceux des\u00a0 parents d&rsquo;\u00e9l\u00e8ves et des associations locales.\u00a0 Les pr\u00e9sents \u00e0 ladite r\u00e9union auraient discut\u00e9 longuement\u00a0 en vue de d\u00e9cider de la commutation du CEM Cheikh Bouhafs en quatri\u00e8me \u00e9cole primaire, ajoutent les p\u00e9titionnaires apparemment m\u00e9contents, en d\u00e9clarant qu&rsquo;ils rejettent cat\u00e9goriquement cette r\u00e9solution tout \u00e0 fait contraire \u00e0 la r\u00e9glementation. A cet effet, nous vous prions, en tant que premier responsable de l&rsquo;ex\u00e9cutif de wilaya, d\u2019intervenir dans les plus brefs d\u00e9lais, afin de\u00a0 trouver une solution juste et \u00e9quitable \u00e0 ce quiproquo ne pouvant causer que malaise\u00a0 et confusion dans la ville.\u00a0\u00a0\u00a0\u00a0\u00a0\u00a0\u00a0\u00a0\u00a0\u00a0\u00a0\u00a0\u00a0\u00a0\u00a0\u00a0\u00a0\u00a0\u00a0\u00a0\u00a0\u00a0\u00a0\u00a0\u00a0\u00a0\u00a0\u00a0\u00a0\u00a0\u00a0\u00a0\u00a0\u00a0\u00a0\u00a0\u00a0\u00a0\u00a0\u00a0\u00a0\u00a0\u00a0\u00a0\u00a0<\/div>\n<\/div>\n<p>Auteur: Noui M.<br \/>\n<a href=\"https:\/\/www.reflexiondz.net\/MARHOUM-SIDI-BEL-ABBES-Refus-de-la-commutation-d-un-CEM-en-ecole-primaire_a63631.html\">Cliquez ici pour lire l&rsquo;article depuis sa source.<\/a><\/p>\n","protected":false},"excerpt":{"rendered":"<p>Dans une lettre collective, d\u00fbment r\u00e9dig\u00e9e et sign\u00e9e, et dont \u00a0\u00bbR\u00e9flexion\u00a0\u00bb d\u00e9tient une copie, les pr\u00e9sidents d&rsquo;une quinzaine d&rsquo;associations locales, membres de la soci\u00e9t\u00e9 civile et autres citoyens de Marhoum,100 km au sud de Sidi Bel Abbes, se sont \u00e9lev\u00e9s ces derniers jours \u00e0 l&rsquo;unanimit\u00e9, pour refuser\u00a0 une d\u00e9cision prise lors d&rsquo;une r\u00e9union prise par [&hellip;]<\/p>\n","protected":false},"author":1740,"featured_media":0,"comment_status":"closed","ping_status":"closed","sticky":false,"template":"","format":"standard","meta":{"fifu_image_url":"","fifu_image_alt":"","footnotes":""},"categories":[53,76],"tags":[],"class_list":["post-90333","post","type-post","status-publish","format-standard","hentry","category-algerie","category-regions"],"_links":{"self":[{"href":"https:\/\/linitiative.ca\/International\/wp-json\/wp\/v2\/posts\/90333","targetHints":{"allow":["GET"]}}],"collection":[{"href":"https:\/\/linitiative.ca\/International\/wp-json\/wp\/v2\/posts"}],"about":[{"href":"https:\/\/linitiative.ca\/International\/wp-json\/wp\/v2\/types\/post"}],"author":[{"embeddable":true,"href":"https:\/\/linitiative.ca\/International\/wp-json\/wp\/v2\/users\/1740"}],"replies":[{"embeddable":true,"href":"https:\/\/linitiative.ca\/International\/wp-json\/wp\/v2\/comments?post=90333"}],"version-history":[{"count":0,"href":"https:\/\/linitiative.ca\/International\/wp-json\/wp\/v2\/posts\/90333\/revisions"}],"wp:attachment":[{"href":"https:\/\/linitiative.ca\/International\/wp-json\/wp\/v2\/media?parent=90333"}],"wp:term":[{"taxonomy":"category","embeddable":true,"href":"https:\/\/linitiative.ca\/International\/wp-json\/wp\/v2\/categories?post=90333"},{"taxonomy":"post_tag","embeddable":true,"href":"https:\/\/linitiative.ca\/International\/wp-json\/wp\/v2\/tags?post=90333"}],"curies":[{"name":"wp","href":"https:\/\/api.w.org\/{rel}","templated":true}]}}