{"id":90335,"date":"2020-06-27T12:20:00","date_gmt":"2020-06-27T16:20:00","guid":{"rendered":"https:\/\/linitiative.ca\/International\/coronavirus-a-mostaganem-desinfection-des-institutions-et-organismes-publics\/"},"modified":"2020-06-27T12:20:00","modified_gmt":"2020-06-27T16:20:00","slug":"coronavirus-a-mostaganem-desinfection-des-institutions-et-organismes-publics","status":"publish","type":"post","link":"https:\/\/linitiative.ca\/International\/coronavirus-a-mostaganem-desinfection-des-institutions-et-organismes-publics\/","title":{"rendered":"CORONAVIRUS A  MOSTAGANEM : D\u00e9sinfection des institutions et organismes publics"},"content":{"rendered":"<p><br id=\"sep_para_1\" class=\"sep_para access\"\/><\/p>\n<div id=\"para_1\" class=\"para_37623315 resize\">\n<div class=\"texte access firstletter\">Dans le cadre des\u00a0 mesures pr\u00e9ventives et\u00a0 r\u00e8gles d\u2019hygi\u00e8ne \u00e0 adopter pour lutter efficacement contre la propagation de la pand\u00e9mie et conform\u00e9ment aux instructions de M. le\u00a0 wali\u00a0 de Mostaganem dans sa troisi\u00e8me op\u00e9ration au niveau des communes et da\u00efras de la wilaya\u00a0 de Mostaganem\u00a0 , une\u00a0 large op\u00e9ration de d\u00e9sinfection\u00a0 a \u00e9t\u00e9 lanc\u00e9e ce jeudi, en coordination avec la cellule de crise de la wilaya, de la Radio Mostaganem, la direction de l&rsquo;environnement, l\u2019Epic Mosta-propre, les services de la commune\u00a0 et les centres de gestion d\u2019enfouissement technique . Cette op\u00e9ration a touch\u00e9 plusieurs quartiers et autres si\u00e8ges administratifs \u00e0 l\u2019image du tr\u00e9sor public , banque \u00ab BADR \u00bb, agence locale de la Sonelgaz \u2026) ainsi que des espaces publics et les zones de regroupement \u00e0 forte densit\u00e9 de population .Notons que durant cette op\u00e9ration de d\u00e9sinfection et de st\u00e9rilisation, des masques\u00a0 ont \u00e9t\u00e9 distribu\u00e9s\u00a0 aux citoyens lesquels ont \u00e9t\u00e9\u00a0 sensibilis\u00e9s sur la n\u00e9cessit\u00e9 du port de la bavette et le respect des mesures de\u00a0 pr\u00e9vention\u00a0 pour contrecarrer l\u2019\u00e9pid\u00e9mie . Rappelons que\u00a0 20.000 bavettes ont \u00e9t\u00e9 distribu\u00e9es jusqu&rsquo;\u00e0 pr\u00e9sent, a-t-on appris aupr\u00e8s des organisateurs. Questionn\u00e9s sur ce sujet, plusieurs citoyens ont\u00a0 indiqu\u00e9, se conformer \u00e0 l\u2019obligation du port du masque, en vue de retrouver une vie normale.\u00a0\u00a0\u00a0\u00a0\u00a0\u00a0\u00a0\u00a0\u00a0\u00a0\u00a0\u00a0\u00a0\u00a0\u00a0\u00a0\u00a0\u00a0\u00a0\u00a0\u00a0\u00a0\u00a0\u00a0\u00a0\u00a0\u00a0\u00a0\u00a0\u00a0\u00a0\u00a0\u00a0\u00a0<\/div>\n<\/div>\n<p>Auteur: Gana Yacine<br \/>\n<a href=\"https:\/\/www.reflexiondz.net\/CORONAVIRUS-A-MOSTAGANEM-Desinfection-des-institutions-et-organismes-publics_a63637.html\">Cliquez ici pour lire l&rsquo;article depuis sa source.<\/a><\/p>\n","protected":false},"excerpt":{"rendered":"<p>Dans le cadre des\u00a0 mesures pr\u00e9ventives et\u00a0 r\u00e8gles d\u2019hygi\u00e8ne \u00e0 adopter pour lutter efficacement contre la propagation de la pand\u00e9mie et conform\u00e9ment aux instructions de M. le\u00a0 wali\u00a0 de Mostaganem dans sa troisi\u00e8me op\u00e9ration au niveau des communes et da\u00efras de la wilaya\u00a0 de Mostaganem\u00a0 , une\u00a0 large op\u00e9ration de d\u00e9sinfection\u00a0 a \u00e9t\u00e9 lanc\u00e9e ce [&hellip;]<\/p>\n","protected":false},"author":1740,"featured_media":0,"comment_status":"closed","ping_status":"closed","sticky":false,"template":"","format":"standard","meta":{"fifu_image_url":"","fifu_image_alt":"","footnotes":""},"categories":[53,76],"tags":[],"class_list":["post-90335","post","type-post","status-publish","format-standard","hentry","category-algerie","category-regions"],"_links":{"self":[{"href":"https:\/\/linitiative.ca\/International\/wp-json\/wp\/v2\/posts\/90335","targetHints":{"allow":["GET"]}}],"collection":[{"href":"https:\/\/linitiative.ca\/International\/wp-json\/wp\/v2\/posts"}],"about":[{"href":"https:\/\/linitiative.ca\/International\/wp-json\/wp\/v2\/types\/post"}],"author":[{"embeddable":true,"href":"https:\/\/linitiative.ca\/International\/wp-json\/wp\/v2\/users\/1740"}],"replies":[{"embeddable":true,"href":"https:\/\/linitiative.ca\/International\/wp-json\/wp\/v2\/comments?post=90335"}],"version-history":[{"count":0,"href":"https:\/\/linitiative.ca\/International\/wp-json\/wp\/v2\/posts\/90335\/revisions"}],"wp:attachment":[{"href":"https:\/\/linitiative.ca\/International\/wp-json\/wp\/v2\/media?parent=90335"}],"wp:term":[{"taxonomy":"category","embeddable":true,"href":"https:\/\/linitiative.ca\/International\/wp-json\/wp\/v2\/categories?post=90335"},{"taxonomy":"post_tag","embeddable":true,"href":"https:\/\/linitiative.ca\/International\/wp-json\/wp\/v2\/tags?post=90335"}],"curies":[{"name":"wp","href":"https:\/\/api.w.org\/{rel}","templated":true}]}}