{"id":90341,"date":"2020-06-27T06:00:00","date_gmt":"2020-06-27T10:00:00","guid":{"rendered":"https:\/\/linitiative.ca\/International\/boudiaf-la-raison-detat-et-la-notoriete-posthume\/"},"modified":"2020-06-27T06:00:00","modified_gmt":"2020-06-27T10:00:00","slug":"boudiaf-la-raison-detat-et-la-notoriete-posthume","status":"publish","type":"post","link":"https:\/\/linitiative.ca\/International\/boudiaf-la-raison-detat-et-la-notoriete-posthume\/","title":{"rendered":"Boudiaf, la \u00abraison d\u2019\u00c9tat\u00bb et la notori\u00e9t\u00e9 posthume"},"content":{"rendered":"<p class=\"c4\">Avant m\u00eame que la R\u00e9publique officielle ne s\u2019invite \u00e0 la c\u00e9l\u00e9bration de la f\u00eate de l\u2019Ind\u00e9pendance le 5 Juillet, il nous semble qu\u2019\u00e0 la suite du changement d\u2019\u00e9poque et de r\u00e9gime, elle serait mieux inspir\u00e9e de s\u2019astreindre d\u2019abord \u00e0 un autre rite \u00e9minemment patriotique et consistant \u00e0 rendre hommage, le 29 juin, au seul chef de l\u2019\u00c9tat assassin\u00e9 dans l\u2019exercice de son magist\u00e8re. L\u2019opportunit\u00e9 d\u2019une participation solennelle \u00e0 une comm\u00e9moration dont la singularit\u00e9 est historiquement prouv\u00e9e devra marquer, en quelque sorte, une rupture avec les injustes r\u00e9serves observ\u00e9es par le pass\u00e9.\u00a0<br \/>Dans le m\u00eame temps, elle pourra \u00e9galement insister sur les vertus p\u00e9dagogiques des actions m\u00e9morielles qui, \u00e0 ce jour, \u00e9taient in\u00e9quitablement inscrites parmi les le\u00e7ons d\u2019histoire de la patrie. Or, comment traquer l\u2019amn\u00e9sie collective quand le sommet de l\u2019\u00c9tat cultive une incompr\u00e9hensible indiff\u00e9rence \u00e0 la marche et aux luttes ponctuant le quotidien d\u2019une soci\u00e9t\u00e9 et dont lui-m\u00eame en est le comptable des cons\u00e9quences qui en d\u00e9coulent ? Ce serait donc rappeler, qu\u2019au-del\u00e0 des prosa\u00efques cultes du souvenir observ\u00e9s par les siens, le martyre de Boudiaf est \u00e0 lui seul une immense plaidoirie exprimant le malheur d\u2019une nation trahie de l\u2019int\u00e9rieur au cours d\u2019une \u00ab guerre civile \u00bb jamais d\u00e9sign\u00e9e par cette formule.\u00a0<br \/>De plus, la trajectoire du personnage suffit \u00e0 elle seule pour donner du sens au vocable d\u00e9signant une patrie bien mieux que ne peut le sugg\u00e9rer son immensit\u00e9 g\u00e9ographique. H\u00e9las, les tristes anniversaires de sa disparition s\u2019\u00e9taient vite espac\u00e9s d\u2019une ann\u00e9e \u00e0 l\u2019autre sans que cette ingratitude inqui\u00e9t\u00e2t outre mesure tout ce qui compte comme autorit\u00e9 et m\u00eame l\u2019Organisation des moudjahidine ! \u00c0 cet embargo qui contribua \u00e0 son enfouissement dans le champ du souvenir l\u2019on pourrait ais\u00e9ment y voir une sorte de crainte. \u00ab Le mort saisissant le vif \u00bb, comme le suppose cette formule consacr\u00e9e, il s\u2019agit en clair d\u2019un probl\u00e8me de mauvaise conscience qui avait emp\u00each\u00e9 les dirigeants d\u2019\u00e9voquer son nom publiquement encore moins de se r\u00e9f\u00e9rer \u00e0 sa rectitude morale. Le fait qu\u2019il f\u00fbt surtout un r\u00e9volutionnaire que l\u2019Histoire avait \u00e9lev\u00e9 \u00e0 la hauteur de ce pays, \u00e9tait \u00e0 l\u2019origine de nombreuses h\u00e9sitations concernant la possibilit\u00e9 de c\u00e9l\u00e9brer sa m\u00e9moire \u00e0 d\u00e9faut d\u2019avoir pu le pr\u00e9server du crime. Un blocage significatif au point que ceux qui lui succ\u00e9d\u00e8rent crurent p\u00e9rilleuse toute initiative allant dans le sens d\u2019un culte post-mortem pr\u00e9f\u00e9rant d\u2019ailleurs ignorer jusqu\u2019\u00e0 son nom afin d\u2019\u00e9chapper aux interpr\u00e9tations insidieuses. Le recours \u00e0 une censure discr\u00e8te s\u2019imposa aux dirigeants au pr\u00e9texte que le caract\u00e8re fratricide de son meurtre devait \u00eatre occult\u00e9 au moment o\u00f9 le r\u00e9gime de Bouteflika orchestrait des campagnes en faveur de la r\u00e9conciliation puis de l\u2019amnistie.<br \/>\u00c0 l\u2019\u00e9vidence, la raison d\u2019\u00c9tat allait devenir l\u2019arme fatale pour dissuader, en toutes circonstances, le scepticisme populaire. Or, l\u2019on savait bien que, dans l\u2019ordre des choses, jamais l\u2019ex-Pr\u00e9sident ne fut embarrass\u00e9 par les ponctuelles pressions concernant ce dossier br\u00fblant. De m\u00eame que les critiques qui lui furent notifi\u00e9es publiquement trouv\u00e8rent un m\u00e9pris affich\u00e9 en guise de r\u00e9ponse qui rappelle que le \u00absecret d\u2019\u00c9tat\u00bb existe dans tous les pays, m\u00eame les plus d\u00e9mocratiques. En somme, ici comme sous d\u2019autres latitudes, elle sert de b\u00e9quille magique capable de laisser diffuser n\u2019importe quelle th\u00e8se contraire \u00e0 la v\u00e9rit\u00e9 dissimul\u00e9e. C\u2019est pourquoi, m\u00eame le meurtre d\u2019un Pr\u00e9sident ne m\u00e9rite gu\u00e8re d\u2019\u00eatre sanctionn\u00e9 par des proc\u00e8s et ne sera soluble que dans la conspiration du silence. Ce fut pr\u00e9cis\u00e9ment gr\u00e2ce \u00e0 cette garantie que la fameuse investigation d\u00e9posera en 1993 des conclusions surr\u00e9alistes aupr\u00e8s de la Cour d\u2019\u00c9tat. Un chef-d\u2019\u0153uvre d\u2019incoh\u00e9rences qui attestait que le sous-fifre des casernes, Lembarek Boumarafi, n\u2019\u00e9tait qu\u2019un sombre porte-flingue manipul\u00e9. Autrement dit, ce b\u00e2tard de la R\u00e9publique, comme le qualifia au moment des faits un confr\u00e8re, aurait agi \u00e0 l\u2019insu de sa hi\u00e9rarchie et dans une pulsion physique qui le poussa \u00e0 appuyer sur la g\u00e2chette ! 28 ann\u00e9es plus tard, nous en sommes \u00e0 la seule th\u00e8se m\u00eame s\u2019il importe peu que celle-ci ait pris de la patine au point de ne satisfaire aucune des projections \u00e9labor\u00e9es en leur temps. C\u2019est dire que rien n\u2019a jusque-l\u00e0 chang\u00e9 dans les arcanes de ce pays malgr\u00e9 le fait que les d\u00e9lais de la prescription extinctive sont de plus en plus courts s\u2019agissant de la \u00abraison d\u2019\u00c9tat\u00bb. Comme le rappelait la presse ind\u00e9pendante paraissant dans le tumulte de la d\u00e9cennie 90, \u00abce pays est d\u2019abord malade de ses cadavres mal enterr\u00e9s\u00bb. De Abane Ramdane \u00e0 Boudiaf en passant par Krim Belkacem, Khider et tant d\u2019autres moins embl\u00e9matiques, les conflits du pouvoir ont toujours \u00e9t\u00e9 arbitr\u00e9s au pistolet. Certes, les historiens du mouvement national ne sont pas aussi pessimistes que les m\u00e9morialistes qui amplifient tous les instantan\u00e9s. Car, les premiers savent se consoler de cette mortif\u00e8re fatalit\u00e9 en r\u00e9p\u00e9tant \u00e0 sati\u00e9t\u00e9 que toutes les r\u00e9volutions ont pour r\u00e9flexe sanguinaire de \u00abd\u00e9vorer d\u2019abord ses enfants\u00bb. Un constat qui n\u2019a rien d\u2019apaisant cependant, puisque ce genre de cannibalisme politique n\u2019a jamais ciment\u00e9 convenablement une nation. Partout o\u00f9 le crime politique \u00e9tait devenu une r\u00e8gle et qu\u2019il s\u2019imposa dans les m\u0153urs des \u00e9lites, il ne restait plus rien \u00e0 attendre de ces pays o\u00f9 les successions s\u2019op\u00e8rent loin des urnes \u00e9lectorales leur pr\u00e9f\u00e9rant plut\u00f4t des urnes fun\u00e9raires. C\u2019est de la sorte que s\u2019est comport\u00e9e souvent notre \u00e9lite politique lorsqu\u2019elle souscrivait pour un guet-apens qui fut fatal \u00e0 Abane ; puis le recours \u00e0 la \u00abcorde \u00e0 linge\u00bb pour r\u00e9ussir le supplice de l\u2019\u00e9tranglement de Krim Belkacem ; ensuite l\u2019embuscade de ce soldat de l\u2019ombre qui eut pour mission l\u2019ex\u00e9cution madril\u00e8ne de Khider et jusqu\u2019\u00e0 la sophistication de la terreur mise en sc\u00e8ne \u00e0 Annaba au moment o\u00f9 Boudiaf d\u00e9clinait son pr\u00eache de patriote au-dessus de tous soup\u00e7ons ! Au-dessus de quoi avons-nous \u00e9crit ? Certainement pas les \u00absoup\u00e7ons\u00bb lesquels \u00e9taient multiples, avait-on dit ! Or, cette irr\u00e9parable chute du pays remonte \u00e0 ce 29 juin 1992 \u00e0 11h.30. Depuis, ni Zeroual (1994-1999), ni Bouteflika (1999-2019) ne furent capables d\u2019exorciser ce malheur et r\u00e9concilier un peuple avec le mythe fondateur de la souverainet\u00e9 qui s\u2019y exerce. Il e\u00fbt fallu, pour que cela f\u00fbt possible, que les successeurs aient la force de caract\u00e8re, la fermet\u00e9 devant le risque ou le danger et la bravoure de surcro\u00eet afin de disqualifier l\u2019insoutenable verrou emp\u00eachant la justice de passer. Certes, il \u00e9tait difficile de satisfaire une telle exigence \u00e0 une \u00e9poque d\u2019incertitude o\u00f9 justement tous les \u00abqui-est-qui ?\u00bb se croisent car il \u00e9tait effectivement inconcevable que des r\u00e9v\u00e9lations soient livr\u00e9es \u00e0 l\u2019opinion sans passer par un traitement des faits \u00e0 l\u2019origine brut afin d\u2019\u00e9viter la moindre interpr\u00e9tation malveillante pour un \u00c9tat d\u00e9j\u00e0 d\u00e9stabilis\u00e9.\u00a0<br \/>Sauf que, un quart de si\u00e8cle plus tard, rien ne devrait emp\u00eacher que, de nos jours, certains d\u00e9tails soient d\u00e9sormais recevables. Mieux encore, les mises \u00e0 disposition de certaines archives \u00e0 des historiens et des communicants ne pourront que servir \u00e0 la renaissance d\u2019un pays rong\u00e9 par un \u00e9norme complexe de culpabilit\u00e9 collective. C\u2019est en quelque sorte \u00e0 un travail de purification morale auquel les \u00e9lites politiques devraient s\u2019astreindre. Mais alors quoi de plus efficace comme catharsis que celle qui s\u2019int\u00e9resserait en priorit\u00e9 \u00e0 d\u00e9crypter l\u2019\u00e9nigme Boudiaf ? Celle qui r\u00e9sume tout ce qu\u2019il ne fallait pas commettre au d\u00e9triment de l\u2019histoire de ce pays. Une exigence que Lacheraf pr\u00e9conisait il y a longtemps de cela en posant la question du rapport de notre jeunesse \u00e0 l\u2019histoire du pays \u00e0 partir de laquelle il d\u00e9non\u00e7ait les faussaires de service. \u00abIl faut en finir, \u00e9crit-il, avec la d\u00e9mesure pseudo-h\u00e9ro\u00efque et les mythes avantageux\u00bb apr\u00e8s avoir rappel\u00e9 que \u00abl\u2019Alg\u00e9rie est s\u00fbrement le pays qui a le plus besoin de \u2018\u2019m\u00e9moire\u2019\u2019 et qu\u2019elle n\u2019a pas le droit de solder le moindre moment de son pass\u00e9\u00bb. Voil\u00e0 une harangue qui semble d\u00e9signer en pointill\u00e9 l\u2019injuste banalisation du meurtre d\u2019un \u00abfr\u00e8re-monument\u00bb, selon les surnoms qu\u2019accola Kateb Yacine aux novembristes.<br \/><em><strong>B. H.<\/strong><\/em><\/p>\n<p>Auteur:<br \/>\n<a href=\"https:\/\/www.lesoirdalgerie.com\/lettre-de-province\/boudiaf-la-raison-detat-et-la-notoriete-posthume-44096\">Cliquez ici pour lire l&rsquo;article depuis sa source.<\/a><\/p>\n","protected":false},"excerpt":{"rendered":"<p>Avant m\u00eame que la R\u00e9publique officielle ne s\u2019invite \u00e0 la c\u00e9l\u00e9bration de la f\u00eate de l\u2019Ind\u00e9pendance le 5 Juillet, il nous semble qu\u2019\u00e0 la suite du changement d\u2019\u00e9poque et de r\u00e9gime, elle serait mieux inspir\u00e9e de s\u2019astreindre d\u2019abord \u00e0 un autre rite \u00e9minemment patriotique et consistant \u00e0 rendre hommage, le 29 juin, au seul chef [&hellip;]<\/p>\n","protected":false},"author":1741,"featured_media":0,"comment_status":"closed","ping_status":"closed","sticky":false,"template":"","format":"standard","meta":{"fifu_image_url":"","fifu_image_alt":"","footnotes":""},"categories":[73,53],"tags":[],"class_list":["post-90341","post","type-post","status-publish","format-standard","hentry","category-actualite","category-algerie"],"_links":{"self":[{"href":"https:\/\/linitiative.ca\/International\/wp-json\/wp\/v2\/posts\/90341","targetHints":{"allow":["GET"]}}],"collection":[{"href":"https:\/\/linitiative.ca\/International\/wp-json\/wp\/v2\/posts"}],"about":[{"href":"https:\/\/linitiative.ca\/International\/wp-json\/wp\/v2\/types\/post"}],"author":[{"embeddable":true,"href":"https:\/\/linitiative.ca\/International\/wp-json\/wp\/v2\/users\/1741"}],"replies":[{"embeddable":true,"href":"https:\/\/linitiative.ca\/International\/wp-json\/wp\/v2\/comments?post=90341"}],"version-history":[{"count":0,"href":"https:\/\/linitiative.ca\/International\/wp-json\/wp\/v2\/posts\/90341\/revisions"}],"wp:attachment":[{"href":"https:\/\/linitiative.ca\/International\/wp-json\/wp\/v2\/media?parent=90341"}],"wp:term":[{"taxonomy":"category","embeddable":true,"href":"https:\/\/linitiative.ca\/International\/wp-json\/wp\/v2\/categories?post=90341"},{"taxonomy":"post_tag","embeddable":true,"href":"https:\/\/linitiative.ca\/International\/wp-json\/wp\/v2\/tags?post=90341"}],"curies":[{"name":"wp","href":"https:\/\/api.w.org\/{rel}","templated":true}]}}